{"id":183,"date":"2015-06-18T18:08:21","date_gmt":"2015-06-18T15:08:21","guid":{"rendered":"http:\/\/kosmosmacerasi.com\/v1\/?p=183"},"modified":"2016-08-14T17:42:59","modified_gmt":"2016-08-14T14:42:59","slug":"quetzalcoatl-zulkarneynmi","status":"publish","type":"post","link":"http:\/\/kosmosmacerasi.com\/v1\/2015\/06\/quetzalcoatl-zulkarneynmi\/","title":{"rendered":"Quetzalcoatl Z\u00fclkarneyn\u2019mi?"},"content":{"rendered":"<p>&nbsp;<\/p>\n<p>Mayalar\u0131n gelene\u011finde \u201cQuetzicoatl\u201d diye bir zattan bahsedilmektedir\u2026 Quetzicoatl, do\u011fan g\u00fcne\u015fin bilinmeyen \u00fclkesinden gelmi\u015fti, Terc\u00fcmelerde \u201cdo\u011fan g\u00fcne\u015fin istikametinde\u201d ifadesiyle Mu\u2019yu anlat\u0131rken ge\u00e7mi\u015fti. Beyaz bir elbisesi vard\u0131. Sakall\u0131 oldu\u011fu ifade ediliyor. \u0130nsanlara, ilimleri ve sanatlar\u0131, t\u00f6releri \u00f6\u011fretmi\u015f, \u00e7ok ilmi kanunlar koymu\u015ftu. Vazifesi bitince denize d\u00f6nm\u00fc\u015f yolculu\u011fu s\u0131ras\u0131nda insanlara \u00f6\u011fretmeye, onlar\u0131 terbiye edip yeti\u015ftirmeye devam etmi\u015ftir. Anlat\u0131lanlar bize Kehf S\u00fcresi\u2019nde ad\u0131 ge\u00e7en Z\u00fclkarneyn\u2019i hat\u0131rlatmaktad\u0131r.<\/p>\n<p>Ancak \u0130skender ve Z\u00fclkarneyn aras\u0131ndaki benzerlik dolay\u0131s\u0131yla bu isimler birbirine \u00e7ok kar\u0131\u015fm\u0131\u015ft\u0131r. Bu konuyu Ansiklopedik bir kitab\u0131n 486 nolu maddesinden inceleyelim.<\/p>\n<p><span style=\"color: #00ffff;\"><strong>\u00dc\u00e7 \u0130skender vard\u0131r: <\/strong><\/span><\/p>\n<p>1- Makedonya Kral\u0131 Filip\u2019in o\u011fludur.<\/p>\n<p>Miladdan (356) y\u0131l \u00f6nce tevell\u00fct (323) y\u0131l\u0131 \u00f6nce otuz \u00fc\u00e7 ya\u015f\u0131nda vefat etti. On \u00fc\u00e7 ya\u015f\u0131nda Aristonun terbiyesine b\u0131rak\u0131ld\u0131. Yirmi ya\u015f\u0131nda h\u00fck\u00fcmdar oldu. Yunanistan\u2019\u0131, \u0130ran ve Anadolu\u2019yu ald\u0131. Aya\u015f yan\u0131nda D\u00e2r\u00e2\u2019y\u0131 esir ald\u0131. Suriye ve M\u0131s\u0131r\u2019\u0131 ald\u0131. \u0130skenderiye \u015fehrini yapt\u0131. Erbilde D\u00e2r\u00e2\u2019y\u0131 ikinci defa bozguna u\u011fratt\u0131. D\u00e2r\u00e2 ka\u00e7arken \u00f6ld\u00fc. Horasan, H\u0131rat ve Belhi ald\u0131. Bu zaferleri ahlak\u0131n\u0131 bozdu. Zulme ba\u015flad\u0131. T\u00fcrkistan\u2019a ve Hindistan\u2019a da girdi. \u0130\u015fret ve sefahatle \u00f6ld\u00fc.<\/p>\n<p>2) \u0130kinci \u0130skender, \u00e7ok eski Yemen h\u00fck\u00fcmdar\u0131 olup, birinci \u0130skender\u2019den ikibin sene \u00f6nce ya\u015fad\u0131. \u00c7ine kadar gitmi\u015fti. Ad\u0131 M\u00fcazir idi.<\/p>\n<p>3) \u00dc\u00e7\u00fcnc\u00fc \u0130skender, Kur\u2019an-\u0131 Kerim\u2019de Z\u00fclkarneyn ad\u0131 ile bildirilen, m\u00fcbarek bir zatt\u0131r. Peygamber veya evliya idi.\u00a0\u00a0Avrupa ve Asya k\u0131talar\u0131na malik oldu. Hazreti \u0130brahim ile g\u00f6r\u00fc\u015ft\u00fc. Duas\u0131n\u0131 ald\u0131. Asya\u2019n\u0131n \u015fark \u015fimalindeki, yani kuzey do\u011fusundaki m\u00fcmin T\u00fcrklerin ricas\u0131 \u00fczerine, Ye\u2019c\u00fcc ve Me\u2019c\u00fcc kavminden korunmalar\u0131 i\u00e7in b\u00fcy\u00fck duvar yapt\u0131.<\/p>\n<p>Bu set, iki da\u011f aras\u0131nda, alt\u0131 kilometre uzunlu\u011funda, \u00a0yirmi be\u015f metre geni\u015flik ve y\u00fcz metre y\u00fckseklikte idi. Ta\u015f ve demirden yap\u0131ld\u0131. Bug\u00fcn bilinen \u00c7in seddi ba\u015fkad\u0131r. Ye\u2019c\u00fcc ve Me\u2019c\u00fcc sed arkas\u0131nda kald\u0131. Setten d\u0131\u015far\u0131 kalanlar, T\u00fcrklerdir. Tarihler, hatta tefsirler, bu \u00fc\u00e7 \u0130skender\u2019i birbiri ile kar\u0131\u015ft\u0131rmaktad\u0131r.<\/p>\n<p>Bu bilgilerin \u0131\u015f\u0131\u011f\u0131 alt\u0131nda Z\u00fclkarneyn\u2019i insanl\u0131\u011f\u0131n tek ve ger\u00e7ek kaynak rehberi Kur\u2019an-\u0131 Kerim\u2019den \u00f6\u011frenelim:<\/p>\n<figure id=\"attachment_3769\" aria-describedby=\"caption-attachment-3769\" style=\"width: 516px\" class=\"wp-caption aligncenter\"><a href=\"http:\/\/kosmosmacerasi.com\/v1\/wp-content\/uploads\/2015\/06\/800px-Iranischer_Meister_001.jpg\" rel=\"attachment wp-att-3769\"><img loading=\"lazy\" decoding=\"async\" class=\"wp-image-3769\" src=\"http:\/\/kosmosmacerasi.com\/v1\/wp-content\/uploads\/2015\/06\/800px-Iranischer_Meister_001.jpg\" alt=\"800px-Iranischer_Meister_001\" width=\"516\" height=\"677\" srcset=\"http:\/\/kosmosmacerasi.com\/v1\/wp-content\/uploads\/2015\/06\/800px-Iranischer_Meister_001.jpg 802w, http:\/\/kosmosmacerasi.com\/v1\/wp-content\/uploads\/2015\/06\/800px-Iranischer_Meister_001-305x400.jpg 305w, http:\/\/kosmosmacerasi.com\/v1\/wp-content\/uploads\/2015\/06\/800px-Iranischer_Meister_001-768x1006.jpg 768w, http:\/\/kosmosmacerasi.com\/v1\/wp-content\/uploads\/2015\/06\/800px-Iranischer_Meister_001-781x1024.jpg 781w\" sizes=\"auto, (max-width: 516px) 100vw, 516px\" \/><\/a><figcaption id=\"caption-attachment-3769\" class=\"wp-caption-text\">Z\u00fclkarneyn&#8217;in Yec\u00fcc ve Mec\u00fcc&#8217;\u00fc engelleyecek bir set in\u015fa ettirmesini betimleyen, 16. y\u00fczy\u0131ldan kalma bir Fars minyat\u00fcr\u00fc.<\/figcaption><\/figure>\n<p>\u201cEy Muhammed (A.S.) Sana Z\u00fclkarneyn\u2019den soruyorlar. De ki, size ondan bir hat\u0131ra okuyaca\u011f\u0131m. Biz yery\u00fcz\u00fc ve onun i\u00e7in maddi, manevi kuvvetler, imk\u00e2nlar ve orada istedi\u011fi gibi hareket edece\u011fi y\u00f6netim h\u00fcrriyeti haz\u0131rlad\u0131k ve kendisine her \u015feyden bir sebep verdik. (Ula\u015fmak istedi\u011fi her \u015feye ula\u015fman\u0131n yolunu, vas\u0131tas\u0131n\u0131 verdik.) O da (kendisini bat\u0131 \u00fclkelerine ula\u015ft\u0131racak) bir yol tuttu.<\/p>\n<p>Nihayet g\u00fcne\u015fin batt\u0131\u011f\u0131 yer ula\u015f\u0131nca onu, kara bal\u00e7\u0131kl\u0131 bir g\u00f6z de (Atlas Okyanusu\u2019nda) batar buldu. Onun yan\u0131nda da bir kavim buldu. Dedi ki: \u201cEy Z\u00fclkarneyn, (onlara) ya azab edersin veya kendilerine g\u00fczel davran\u0131rs\u0131n. Dedi, \u201cKim haks\u0131zl\u0131k ederse, ona azap edece\u011fiz, sonra o Rabbine d\u00f6nd\u00fcr\u00fclecektir. O da ona g\u00f6r\u00fclmemi\u015f bir azap edecektir. Fakat inan\u0131p iyi i\u015f yapan kimseye de en g\u00fczel m\u00fck\u00e2fat vard\u0131r. Ona buyru\u011fumuzdan kolay olan\u0131 s\u00f6yleriz. Sonra yine bir yol tuttu.<\/p>\n<p>Nihayet g\u00fcne\u015fin do\u011fdu\u011fu yere ula\u015f\u0131nca onu, \u00f6yle bir kavim \u00fczerine do\u011far buldu ki, onlara g\u00fcne\u015fin \u00f6n\u00fcnden (korunacak) bir siper yapm\u0131\u015ft\u0131k. \u0130\u015fte b\u00f6yleydi. Onun yan\u0131nda nice (H\u00fck\u00fcmranl\u0131k) bilgisi (tecr\u00fcbesi ve vas\u0131tas\u0131) bulundu\u011funda nice (h\u00fck\u00fcmranl\u0131k) bilgisi (tecr\u00fcbesi ve vas\u0131tas\u0131) bulundu\u011funu biz biliyorduk. Sonra yine bir yol tuttu. Nihayet iki set aras\u0131na ula\u015f\u0131nca onlar\u0131n \u00f6n\u00fcnde hemen hi\u00e7 s\u00f6z anlamayan bir kavim buldu.<\/p>\n<p>Dediler ki, \u201cEy Z\u00fclkarneyn, Ye\u2019c\u00fcc ve Me\u2019c\u00fcc bu yerde bozgunculuk yap\u0131yorlar. Dedi ki, Rabbimin, beni i\u00e7inde bulundurdu\u011fu (mal ve m\u00fclk, sizin verece\u011finizden) daha hay\u0131rl\u0131d\u0131r. Siz bana (insan) g\u00fcc\u00fcyle yard\u0131m edin de sizinle onlar aras\u0131nda sa\u011flam bir engel yapaca\u011f\u0131m. Bana demir k\u00fctleleri getirin. \u0130ki da\u011f\u0131n aras\u0131n\u0131 ayn\u0131 seviyeye getirince \u00fcfleyin\u201d dedi. Nihayet (demir k\u00fctlelerini bir ate\u015f haline koydu\u011fu zaman, \u201cGetirin bana, \u00fczerine onu ne a\u015fabildiler, ne de delebildiler. (Z\u00fclkarneyn) dedi, Bu rabbimden (kullar\u0131na) bir rahmettir. Rabbimin va\u2019di geldi\u011fi zaman onu yerle bir eder, \u015f\u00fcphesiz Rabbimin vadi ger\u00e7ektir.\u201d(Kehf S\u00fcresi: 83\u201398)<\/p>\n<p><strong><span style=\"color: #00ffff;\">Zaman Aral\u0131klar\u0131ndaki Benzerlikler:<\/span><\/strong><br \/>\n<a href=\"http:\/\/kosmosmacerasi.com\/v1\/wp-content\/uploads\/2015\/06\/10931165_1564191737188029_7573642676310475245_n.jpg\"><img loading=\"lazy\" decoding=\"async\" class=\" wp-image-185 alignleft\" src=\"http:\/\/kosmosmacerasi.com\/v1\/wp-content\/uploads\/2015\/06\/10931165_1564191737188029_7573642676310475245_n-300x143.jpg\" alt=\"10931165_1564191737188029_7573642676310475245_n\" width=\"346\" height=\"165\" srcset=\"http:\/\/kosmosmacerasi.com\/v1\/wp-content\/uploads\/2015\/06\/10931165_1564191737188029_7573642676310475245_n-300x143.jpg 300w, http:\/\/kosmosmacerasi.com\/v1\/wp-content\/uploads\/2015\/06\/10931165_1564191737188029_7573642676310475245_n.jpg 960w\" sizes=\"auto, (max-width: 346px) 100vw, 346px\" \/><\/a>Z\u00fclkarneyn, \u0130slami kaynaklara g\u00f6re Hz. \u0130brahim\u2019den ders alm\u0131\u015ft\u0131r. Sonra vahiy ile teyit edilmi\u015ftir. Nitekim Hz. Lut\u2019tan \u00f6nce Hz. \u0130brahim\u2019e iman etti sonra peygamber olarak Sodom\u2019a gitti. Mayalar eskiden Bering Bo\u011faz\u0131\u2019n\u0131 ge\u00e7erek Kuzey Amerika\u2019ya geldiler ve oradan a\u015fa\u011f\u0131lara inerek, Guatemala ve Yucatan b\u00f6lgesine yerle\u015ftiler veya Mu\u2019nun ayakta kalan Okyanustaki EASTER adas\u0131ndan gelebilmeleri de akla yak\u0131nd\u0131r.<\/p>\n<p>\u0130spanyol tarih\u00e7ileri taraf\u0131ndan 16. y\u00fczy\u0131lda yaz\u0131lm\u0131\u015f yenid\u00fcnya hakk\u0131ndaki eserlerde, Mayalar\u0131n de\u011fi\u015fik noktalardan Yucatan k\u0131y\u0131lar\u0131na geldiklerini, bunlar\u0131n kay\u0131p \u0130srail kabilelerinden biri veya tufandan kurtulanlar olduklar\u0131n\u0131 yazarlar.<\/p>\n<p>Baz\u0131 Maya yaz\u0131lar\u0131nda Tufan\u2019dan bahsedilir. \u201cCennetin kalbinin arzular\u0131na g\u00f6re sular hareket etmeye ba\u015flad\u0131 ve bu insanlar\u0131n ba\u015f\u0131na b\u00fcy\u00fck bir su bask\u0131n\u0131 geldi\u2026 Her taraf\u0131 karartan ya\u011fmur ya\u011fmaya ba\u015flad\u0131\u2026 Gece ya\u011fmur ya\u011f\u0131yor, g\u00fcnd\u00fcz ya\u011fmur ya\u011f\u0131yordu\u2026..\u201d Bilhassa Tufandan sonra yap\u0131lan Maya ve M\u0131s\u0131r medeniyetleri aras\u0131nda piramitlerin sergiledi\u011fi kuvvetli bir benzerlik mevcuttur.<\/p>\n<p>Bir Norve\u00e7 K\u00e2\u015fifi olan\u00a0 Thor Heyerdahl eski M\u0131s\u0131r mezarlar\u0131n\u0131n duvarlar\u0131n\u0131 s\u00fcsleyen resimlerdekine benzeyen bir papir\u00fcs gemi in\u015fa etti ve M\u0131s\u0131rl\u0131lar\u0131n Atlantik\u2019 i ge\u00e7erek Yucatan\u2019a gelebileceklerini ispat etti. Heyerdahl, M\u0131s\u0131rl\u0131lar\u0131n yenid\u00fcnya insanlar\u0131 ile temasa ge\u00e7erek, onlara k\u00fclt\u00fcr geli\u015fmeleri bak\u0131m\u0131ndan tesir edebilece\u011fi fikrini kuvvetlendirdi.<\/p>\n<p>*Thor Heyerdahl, (d. 6 Ekim 1914 Lanvik, Norve\u00e7 \u2013 \u00f6. 18 Nisan 2002 Colla Micheri, \u0130talya), Norve\u00e7li antropolog ve k\u00e2\u015fif. Hen\u00fcz Oslo \u00dcniversitesi\u2019nde son s\u0131n\u0131f \u00f6\u011frencisiyken zooloji \u00e7al\u0131\u015fmalar\u0131 yapmak \u00fczere G\u00fcney B\u00fcy\u00fck Okyanus\u2019daki Markiz Adalar\u0131\u2019na gitti. Burada Polinezyal\u0131lar\u0131n destanlar\u0131n\u0131, dillerini ve ta\u015f i\u015fleme y\u00f6ntemlerini inceledi.<\/p>\n<p>Adalara ilk insanlar\u0131n \u0130nka\u2019 lar devrinden \u00f6nce deniz yoluyla Peru\u2019dan gelmi\u015f olabilece\u011fi sonucuna vard\u0131 ve eski halklar\u0131n g\u00f6\u00e7lerinde deniz yolculu\u011funun \u00f6nemli rol oynad\u0131\u011f\u0131n\u0131 ileri s\u00fcren bir nazariye kurdu. 1947\u2019de be\u015f arkada\u015f\u0131 ile eskiden G\u00fcney Amerika yerlilerinin kulland\u0131klar\u0131 cinsten, belsem a\u011fac\u0131ndan bir sal yaparak nazariyesinin do\u011frulu\u011funu denemek \u00fczere Peru k\u0131y\u0131lar\u0131ndan yola \u00e7\u0131kt\u0131.<\/p>\n<p>Kon-Tiki ad\u0131 verilen sal 6.600 km yol ald\u0131ktan sonra Polinezya k\u0131y\u0131lar\u0131ndaki kayal\u0131klara vard\u0131. Heyerdahl\u2019\u0131n d\u00fcnyaca \u00fcnl\u00fc kitab\u0131 Kon-Tiki bu yolculu\u011fu anlat\u0131r. Heyerdahl, daha sonra papir\u00fcsten yap\u0131lm\u0131\u015f bir tekneyle (Ra I) Fas\u2019tan yola \u00e7\u0131karak G\u00fcney Amerika\u2019ya varmak istedi.<\/p>\n<p>B\u00f6ylece eski devirlerde bu t\u00fcr bir yolculu\u011fun yap\u0131l\u0131p yap\u0131lamayaca\u011f\u0131n\u0131 ortaya \u00e7\u0131karacakt\u0131. Fakat teknesi bir s\u00fcre sonra suya dayanamaz duruma gelince yolculu\u011funu yar\u0131da kesmek zorunda kald\u0131. Fakat 1970\u2019te Ra II adl\u0131 teknesiyle yolculu\u011fu tamamlad\u0131.\u00a0<strong>\u00a0<\/strong><\/p>\n<p><span style=\"color: #00ffff;\"><strong>QUETZACOATL<\/strong><\/span><\/p>\n<p>K\u0131z\u0131lderili, Aztek, Maya, Toltek, \u0130nka medeniyetleri s\u00f6z birli\u011fi etmi\u015f\u00e7esine kutsiyet atfettikleri b\u00fct\u00fcn b\u00fcy\u00fck \u015fahsiyetlerini beyaz \u0131rktan se\u00e7mi\u015flerdir. Bu zatlar kendileri gibi K\u0131z\u0131lderili de\u011fil, (k\u0131z\u0131l sakall\u0131, sar\u0131\u015f\u0131n ve mavi g\u00f6zl\u00fcd\u00fcr.) H\u00e2lbuki K\u0131z\u0131lderililerin sakallar\u0131 \u00e7\u0131kmaz ve hi\u00e7 biri beyaz insan g\u00f6rmediklerine g\u00f6re \u201cSakal\u201d tan\u0131mazlar.<\/p>\n<p>Ama oraya giden ilk beyazlar (\u0130spanyollar) farkl\u0131 giyimli, sakall\u0131 ve mavi g\u00f6zl\u00fc, sar\u0131\u015f\u0131n beyaz azizlerin\u201d din liderlerinin tasvirleri ile kar\u015f\u0131la\u015ft\u0131lar. Bunlar\u0131n ba\u015f\u0131nda gelen \u201cQuetzecoatl\u201d bile Z\u00fclkarneyn ismine yak\u0131nd\u0131r. \u00dcstelik Quelzalcoatl, b\u00fcy\u00fck denizin do\u011fusundan Atlanti\u011fin do\u011fu yakas\u0131ndaki Avrasya-Afrika taraf\u0131ndan-Mu diyar\u0131ndan. B\u00fcy\u00fck bir ku\u015f ara\u00e7taki ekibiyle bat\u0131ya gelmi\u015ftir. Azteklerde Quetzalcoatl en \u00f6nemli tanr\u0131d\u0131r. K\u00f6ken olarak \u201cquetzel\u201d ve \u201ccoatl s\u00f6zc\u00fcklerinden olu\u015fur. Coatl, Aztek dilinde y\u0131lan demektir.<\/p>\n<p>Quetzal ise, sadece g\u00fcneydo\u011fu Meksika ile Guetemala\u2019n\u0131n baz\u0131 y\u00f6relerinde ya\u015fayan, renkli ve parlak t\u00fcyleriyle g\u00f6rkemli bir g\u00f6r\u00fcn\u00fc\u015f\u00fc olan nadir bir ku\u015f t\u00fcr\u00fcd\u00fcr. G\u00fcn\u00fcn birinde yine ku\u015funa binerek ileride d\u00f6nme vadi ile geldi\u011fi y\u00f6nde kaybolmu\u015ftur. Binlerce y\u0131l sonra ilk \u0130spanyollar Amerika\u2019ya \u00e7\u0131kt\u0131klar\u0131nda K\u0131z\u0131lderililer \u0130spanyollar\u0131n sakall\u0131 ve beyaz olmas\u0131 y\u00fcz\u00fcnden onlara esirce tap\u0131nm\u0131\u015flard\u0131r. Bir avu\u00e7 \u0130spanyol da bu avantajla milyonlarca k\u0131z\u0131lderiliyi katletmi\u015flerdi. \u0130spanyollar ba\u015fka \u015feylerde tespit ettiler..<\/p>\n<p>hakanyilmazcebi.com<\/p>\n<p>&nbsp;<\/p>\n","protected":false},"excerpt":{"rendered":"<p>&nbsp; Mayalar\u0131n gelene\u011finde \u201cQuetzicoatl\u201d diye bir zattan bahsedilmektedir\u2026 Quetzicoatl, do\u011fan g\u00fcne\u015fin bilinmeyen \u00fclkesinden gelmi\u015fti, Terc\u00fcmelerde \u201cdo\u011fan g\u00fcne\u015fin istikametinde\u201d ifadesiyle Mu\u2019yu anlat\u0131rken ge\u00e7mi\u015fti. Beyaz bir elbisesi vard\u0131. Sakall\u0131 oldu\u011fu ifade ediliyor. \u0130nsanlara, ilimleri ve sanatlar\u0131, t\u00f6releri \u00f6\u011fretmi\u015f, \u00e7ok ilmi kanunlar koymu\u015ftu. Vazifesi bitince denize d\u00f6nm\u00fc\u015f yolculu\u011fu s\u0131ras\u0131nda insanlara \u00f6\u011fretmeye, onlar\u0131 terbiye edip yeti\u015ftirmeye devam etmi\u015ftir. Anlat\u0131lanlar &hellip;<\/p>\n","protected":false},"author":1,"featured_media":184,"comment_status":"open","ping_status":"open","sticky":false,"template":"","format":"standard","meta":{"footnotes":""},"categories":[8],"tags":[],"class_list":["post-183","post","type-post","status-publish","format-standard","has-post-thumbnail","hentry","category-gizemli-arkeolojik-tarih"],"_links":{"self":[{"href":"http:\/\/kosmosmacerasi.com\/v1\/wp-json\/wp\/v2\/posts\/183","targetHints":{"allow":["GET"]}}],"collection":[{"href":"http:\/\/kosmosmacerasi.com\/v1\/wp-json\/wp\/v2\/posts"}],"about":[{"href":"http:\/\/kosmosmacerasi.com\/v1\/wp-json\/wp\/v2\/types\/post"}],"author":[{"embeddable":true,"href":"http:\/\/kosmosmacerasi.com\/v1\/wp-json\/wp\/v2\/users\/1"}],"replies":[{"embeddable":true,"href":"http:\/\/kosmosmacerasi.com\/v1\/wp-json\/wp\/v2\/comments?post=183"}],"version-history":[{"count":5,"href":"http:\/\/kosmosmacerasi.com\/v1\/wp-json\/wp\/v2\/posts\/183\/revisions"}],"predecessor-version":[{"id":3772,"href":"http:\/\/kosmosmacerasi.com\/v1\/wp-json\/wp\/v2\/posts\/183\/revisions\/3772"}],"wp:featuredmedia":[{"embeddable":true,"href":"http:\/\/kosmosmacerasi.com\/v1\/wp-json\/wp\/v2\/media\/184"}],"wp:attachment":[{"href":"http:\/\/kosmosmacerasi.com\/v1\/wp-json\/wp\/v2\/media?parent=183"}],"wp:term":[{"taxonomy":"category","embeddable":true,"href":"http:\/\/kosmosmacerasi.com\/v1\/wp-json\/wp\/v2\/categories?post=183"},{"taxonomy":"post_tag","embeddable":true,"href":"http:\/\/kosmosmacerasi.com\/v1\/wp-json\/wp\/v2\/tags?post=183"}],"curies":[{"name":"wp","href":"https:\/\/api.w.org\/{rel}","templated":true}]}}