{"id":2746,"date":"2015-08-06T11:11:44","date_gmt":"2015-08-06T08:11:44","guid":{"rendered":"http:\/\/kosmosmacerasi.com\/v1\/?p=2746"},"modified":"2015-08-06T11:12:24","modified_gmt":"2015-08-06T08:12:24","slug":"graal-sembolizmi-kutsal-kase-kutsal-ada-kutupsal-dag-kutsal-masa","status":"publish","type":"post","link":"http:\/\/kosmosmacerasi.com\/v1\/2015\/08\/graal-sembolizmi-kutsal-kase-kutsal-ada-kutupsal-dag-kutsal-masa\/","title":{"rendered":"GRAAL SEMBOL\u0130ZM\u0130\u00a0(Kutsal K\u00e2se \u201dKutsal Ada\u201d -\u201cKutupsal Da\u011f\u201d- Kutsal Masa)"},"content":{"rendered":"<p>&nbsp;<\/p>\n<p>Belli bir \u00e7a\u011fdan itibaren kaybolmu\u015f ya da saklanm\u0131\u015f herhangi bir \u015feye ait im\u00e2lara t\u00fcm tradisyonlarda rastlanmaktad\u0131r. \u00d6rne\u011fin Hindular\u2019da\u00a0Soma,\u00a0Persler\u2019de \u201c\u00f6l\u00fcms\u00fczl\u00fck i\u00e7kisi\u201d\u00a0Haoma\u00a0gibi.<\/p>\n<p>Haoma\u2019n\u0131n\u00a0Graal\u00a0ile g\u00fc\u00e7l\u00fc ve do\u011frudan bir ba\u011flant\u0131s\u0131 oldu\u011fu kesindir. \u00c7\u00fcnk\u00fc Graal, i\u00e7inde Hz. \u0130sa\u2019n\u0131n kan\u0131n\u0131n bulundu\u011fu kutsal \u00e7anakt\u0131r ve bu kan da \u201c\u00f6l\u00fcms\u00fczl\u00fck i\u00e7kisi\u201d olarak bilinir. Di\u011fer taraflarda ise sembolizm farkl\u0131d\u0131r. \u00d6rne\u011fin Yahudiler\u2019de, kay\u0131p olan \u015fey b\u00fcy\u00fck il\u00e2h\u0131 Ad\u2019\u0131n tel\u00e2ffuz edili\u015fidir ancak temel fikir daima ayn\u0131d\u0131r ve daha ileride bunun tam olarak neyi ifade etmekte oldu\u011funu g\u00f6rece\u011fiz.<\/p>\n<p><a href=\"http:\/\/kosmosmacerasi.com\/v1\/wp-content\/uploads\/2015\/08\/1943e8c406258f7c8e69f9b62d4ce16a.jpg\"><img loading=\"lazy\" decoding=\"async\" class=\"  wp-image-2749 alignleft\" src=\"http:\/\/kosmosmacerasi.com\/v1\/wp-content\/uploads\/2015\/08\/1943e8c406258f7c8e69f9b62d4ce16a.jpg\" alt=\"1943e8c406258f7c8e69f9b62d4ce16a\" width=\"193\" height=\"253\" srcset=\"http:\/\/kosmosmacerasi.com\/v1\/wp-content\/uploads\/2015\/08\/1943e8c406258f7c8e69f9b62d4ce16a.jpg 302w, http:\/\/kosmosmacerasi.com\/v1\/wp-content\/uploads\/2015\/08\/1943e8c406258f7c8e69f9b62d4ce16a-229x300.jpg 229w\" sizes=\"auto, (max-width: 193px) 100vw, 193px\" \/><\/a>Kutsal Graal\u2019\u0131n, Hz. \u0130sa\u2019n\u0131n son yeme\u011finde kullanm\u0131\u015f oldu\u011fu ve daha sonra da Arimateal\u0131 Yusuf un (Joseph D\u2019Arimathie), Mesih\u2019in b\u00f6\u011fr\u00fcnde Y\u00fczba\u015f\u0131 Longin\u2019in m\u0131zra\u011f\u0131 ile a\u00e7m\u0131\u015f oldu\u011fu yaradan akan suyu ve kan\u0131 i\u00e7ine toplad\u0131\u011f\u0131 tas (ya da \u00e7anak, kupa veya kadeh) oldu\u011fu s\u00f6ylenir. Efsaneye g\u00f6re bu kupa daha sonralar\u0131 Arimateal\u0131 Yusuf ve Nikodimos taraf\u0131ndan B\u00fcy\u00fck Britanya\u2019ya g\u00f6t\u00fcr\u00fclm\u00fc\u015ft\u00fcr. \u0130\u015fte bu nokta, Kelt tradisyonu ile Hristiyanl\u0131k aras\u0131nda kurulmu\u015f olan ba\u011f\u0131n bir g\u00f6stergesidir.<\/p>\n<p>Antik tradisyonlar\u0131n \u00e7o\u011funda kupa \u00f6nemli bir rol oynamaktad\u0131r. Bu, hi\u00e7 \u015f\u00fcphesiz Keltler\u2019de de b\u00f6yledir. S\u0131k s\u0131k m\u0131zrak ile birle\u015ftirilmi\u015ftir ve bu iki sembol birbirlerinin tamamlay\u0131c\u0131s\u0131 olarak kabul edilmi\u015flerdir, ancak bu husus bizi \u015fu anda konumuzdan uzakla\u015ft\u0131r\u0131r.<\/p>\n<p>Graal\u2019\u0131n ba\u015fl\u0131ca anlam\u0131n\u0131n ne oldu\u011funu en belirgin olarak g\u00f6steren \u015fey, belki de onun k\u00f6keni ile ilgili olarak \u015fu s\u00f6ylenendir. Bu kupa, ba\u015far\u0131s\u0131zl\u0131\u011fa u\u011fray\u0131p seviye kaybedi\u015fi esnas\u0131nda L\u00fcsifer\u2019in aln\u0131ndan d\u00fc\u015fm\u00fc\u015f olan bir z\u00fcmr\u00fct ve Melekler taraf\u0131ndan yontulmas\u0131yla meydana getirilmi\u015ftir. Bu z\u00fcmr\u00fct bizlere gayet \u00e7arp\u0131c\u0131 bir \u015fekilde Hindu sembolizmindeki (buradan da Budizm\u2019e ge\u00e7mi\u015ftir) Uma\u2019y\u0131, yani s\u0131k s\u0131k \u015eiua\u2019n\u0131n (ya da \u015eiva) \u00fc\u00e7\u00fcnc\u00fc g\u00f6z\u00fcn\u00fcn yerinde bulunan ve \u201cedebiyet duyusu\u201d diye adland\u0131rabilece\u011fimiz bu duyuyu temsil eden, al\u0131ndaki inciyi an\u0131msatmaktad\u0131r.<\/p>\n<p>Bunlardan ba\u015fka, Graal\u2019\u0131n D\u00fcnya Cenneti i\u00e7indeki ya\u015fam\u0131 s\u0131ras\u0131nda \u00c2dem\u2019e emanet edilmi\u015f oldu\u011fu, ancak Aden Bah\u00e7esinden kovuldu\u011funda beraberinde g\u00f6t\u00fcremedi\u011fi i\u00e7in \u00c2dem\u2019in onu kaybetti\u011fi s\u00f6ylenmi\u015ftir.<\/p>\n<p>Ve biraz \u00f6nce yapt\u0131\u011f\u0131m\u0131z a\u00e7\u0131klama neticesinde bu husus da ayd\u0131nlanmaktad\u0131r. Sonu\u00e7 olarak asl\u00ee merkezinden \u00e7\u0131kar\u0131lm\u0131\u015f olan insan kendini bundan b\u00f6yle d\u00fcnyev\u00ee (cisman\u00ee, fan\u00ee) k\u00fcreye kapat\u0131lm\u0131\u015f olarak bulmu\u015ftur. T\u00fcm \u015feylerin ebediyet g\u00f6r\u00fcn\u00fcm\u00fc alt\u0131nda seyredilip izlenebildi\u011fi (tema\u015fa edildi\u011fi) o tek noktaya asla ula\u015famaz duruma gelmi\u015ftir.<\/p>\n<p>Di\u011fer bir ifade \u015fekliyle, \u201cebediyet duyusu\u201d, daha \u00f6nceki sat\u0131rlar\u0131m\u0131zda da belirtti\u011fimiz bi\u00e7imde t\u00fcm tradisyonlarda isimlendirildi\u011fi \u015fekliyle, \u201cilksel h\u00e2l\u201de ba\u011fl\u0131 k\u0131l\u0131nm\u0131\u015ft\u0131r ki bunun yeniden olu\u015fturulmas\u0131, \u201cbe\u015fer\u00fcst\u00fc\u201d h\u00e2llerin bilfiil fethedilmesinin ilk \u015fart\u0131 olarak ger\u00e7ek inisiyasyonun birinci a\u015famas\u0131n\u0131 olu\u015fturmaktad\u0131r.<\/p>\n<p>Yery\u00fcz\u00fc Cenneti, as\u0131l anlam\u0131 bak\u0131m\u0131ndan \u201cD\u00fcnyan\u0131n Merkezi\u201dni temsil eder ve bundan sonraki sat\u0131rlarda\u00a0Cennet (Paradis)\u00a0kelimesinin asl\u00ee m\u00e2n\u00e2s\u0131 hakk\u0131nda s\u00f6yleyeceklerimiz, bu hususu daha iyi anlamam\u0131z\u0131 sa\u011flayacakt\u0131r.<\/p>\n<p>\u015eu sat\u0131rlar \u00e7ok daha muammal\u0131 g\u00f6r\u00fcnebilir: \u201cSet (Seth) Yery\u00fcz\u00fc Cenneti\u2019ne girme hakk\u0131n\u0131 elde etti ve b\u00f6ylece k\u0131ymetli \u00e7ana\u011f\u0131 bulabildi.\u201d Set ismi, temel ve istikrar fikirlerini ifade eder ve ard\u0131ndan da insan\u0131n seviye yitiri\u015fi (d\u00fc\u015f\u00fc\u015f\u00fc, cennetten kovulu\u015fu) y\u00fcz\u00fcnden tahrip olmu\u015f bulunan ilksel d\u00fczenin yeniden kurulu\u015funu belirtir. Demek ki t\u00fcm bunlardan, Set\u2019in ve kendisinden sonra Graal\u2019a sahip olanlar\u0131n b\u00f6ylece kay\u0131p Cennetin yerini tutacak ve bunun \u00e2deta bir g\u00f6r\u00fcn\u00fcm\u00fc (imaj\u0131) gibi olan bir ruhsal merkez kurabilmi\u015f olduklar\u0131n\u0131 anlamak gerekir.<\/p>\n<p>O zaman, Graal\u2019a sahip olmak, \u0130lksel tradisyonun aynen b\u00f6yle bir ruhsal merkezde eksiksiz bir \u015fekilde korunmas\u0131n\u0131 temsil etmektedir. Zaten efsane Hz. \u0130sa d\u00f6nemine dek Graal\u2019\u0131n nerede ve kimin taraf\u0131ndan muhafaza edilmi\u015f oldu\u011funu s\u00f6ylemez ancak onun Kelt k\u00f6kenli oldu\u011fu \u015feklindeki yakla\u015f\u0131m Druidler\u2019in bu i\u015fte pay sahibi olduklar\u0131n\u0131 ve ilksel tradisyonun d\u00fczenli koruyucular\u0131 aras\u0131nda kabul edilmeleri gerekti\u011fini ortaya koymaktad\u0131r.<\/p>\n<p>Graal\u2019\u0131n kaybolu\u015fu ya da onunla ilgili ve buna benzer di\u011fer herhangi bir sembolik ifade, sonu\u00e7 olarak t\u00fcm i\u00e7erdikleriyle birlikte tradisyonun ortadan kaybolu\u015fu anlam\u0131na gelmektedir. Asl\u0131nda, ger\u00e7e\u011fi s\u00f6ylemek gerekirse bu tradisyon kaybolmam\u0131\u015f, ama saklanm\u0131\u015ft\u0131r. Ya da en az\u0131ndan ancak baz\u0131 ikinci dereceden merkezler a\u00e7\u0131s\u0131ndan ve bunlar da en y\u00fcksek merkez ile olan do\u011frudan ili\u015fkilerini kestikleri i\u00e7in kaybolmu\u015f olarak nitelendirilebilir.<\/p>\n<p>En y\u00fcce merkeze gelince, o, tradisyonun deposunu daima tam ve bozulmam\u0131\u015f h\u00e2lde korumakta ve d\u0131\u015f d\u00fcnyada meydana gelen de\u011fi\u015fimlerden etkilenmemektedir. \u00c7e\u015fitli Kilise Babalar\u0131 ve bilhassa Saint Augustin\u2019e g\u00f6re tufan\u00a0\u201cHanok\u2019un ikametg\u00e2h\u0131 ve Azizlerin \u00dclkesi\u201d\u00a0olan ve de zirvesi \u201cAy k\u00fcresine dokunan\u201d, yani de\u011fi\u015fimler sahas\u0131n\u0131n (\u201cay-alt\u0131 \u00e2lem\u201d ile bir tutulmu\u015ftur) \u00f6tesinde, D\u00fcnya ile G\u00f6kler\u2019in temas ettikleri noktada bulunan Yery\u00fcz\u00fc Cenneti\u2019ne ula\u015famam\u0131\u015ft\u0131r.<\/p>\n<p>Fakat t\u0131pk\u0131 Yery\u00fcz\u00fc Cenneti\u2019nin girilemez duruma gelmi\u015f olmas\u0131 gibi, ayn\u0131 \u015feyin temelinde bulunan y\u00fcce merkez de belli bir d\u00f6nem s\u00fcresince kendini d\u0131\u015far\u0131ya tezah\u00fcr ettirmemi\u015f olabilir. \u00a0Ve bu durumda da sadece \u00e7ok s\u0131k\u0131 s\u0131k\u0131ya kapat\u0131lm\u0131\u015f olan baz\u0131 merkezlerde saklanmas\u0131ndan dolay\u0131, tradisyonun t\u00fcm insanl\u0131k i\u00e7in art\u0131k kay\u0131p oldu\u011fu ve asl\u00ee h\u00e2lde iken meydana gelmi\u015f olan\u0131n tam tersine, insanlar\u0131n b\u00fcy\u00fck \u00e7o\u011funlu\u011funun buna art\u0131k bilfiil ve \u015fuurlu olarak kat\u0131lamad\u0131\u011f\u0131 s\u00f6ylenebilir.<\/p>\n<p>\u00c7a\u011f\u0131m\u0131zdaki durum kesinlikle b\u00f6yledir ve bunun ba\u015flang\u0131c\u0131 da \u015fimdilerde insanl\u0131k tarihi olarak bilinen alel\u00e2de ve \u201ckutsal olana yabanc\u0131\u201d tarih taraf\u0131ndan bilinenlerin \u00e7ok \u00f6tesinde yer almaktad\u0131r. Demek ki tradisyonun yitirilmi\u015f olmas\u0131 bu durumda bu genel anlam\u0131yla anla\u015f\u0131lmal\u0131. \u00a0Ya da \u00f6zel bir milletin ya da belirli bir uygarl\u0131\u011f\u0131n kaderlerini az ya da \u00e7ok gizlice y\u00f6netmekte olan bir ruhsal merkezin giderek karanl\u0131\u011fa \u00e7ekilmi\u015f olmas\u0131na ba\u011flanmal\u0131d\u0131r. Sonu\u00e7 olarak buna ba\u011fl\u0131 bir sembolizm ile her kar\u015f\u0131la\u015f\u0131ld\u0131\u011f\u0131nda, bu anlam\u0131 ile mi, yoksa di\u011feri ile mi yorumlanmas\u0131 gerekti\u011fi incelenmelidir.<\/p>\n<p>Bu s\u00f6ylemi\u015f olduklar\u0131m\u0131z\u0131n \u0131\u015f\u0131\u011f\u0131nda Graal, birbiriyle s\u0131k\u0131 s\u0131k\u0131ya ortak olan iki \u015feyi birden temsil etmektedir: \u201c\u0130lksel tradisyon\u201da eksiksiz bir \u015fekilde sahip bulunan ve bu durumun ba\u015fl\u0131ca ve do\u011fal bir neticesi olarak da bilfiil bir bilgi seviyesine ula\u015fm\u0131\u015f olan, yine ayn\u0131 \u015fekilde bundan dolay\u0131 \u201cilksel h\u00e2l\u201din bollu\u011funa yeniden kavu\u015fmu\u015f durumdad\u0131r.<\/p>\n<p>Graal\u00a0kelimesinin i\u00e7ermekte oldu\u011fu iki anlam, bu \u201cilksel h\u00e2l\u201d ve \u201cilksel tradisyon\u201d ile ba\u011flant\u0131l\u0131d\u0131r. \u00c7\u00fcnk\u00fc sembolizmde \u00f6nemli say\u0131lacak bir rol oynayan ve ilk g\u00f6r\u00fc\u015fte tahayy\u00fcl edebilecek oldu\u011fumuzdan \u00e7ok daha derin nedenlere sahip bulunan bu s\u00f6zl\u00fc benzetmelerden birine g\u00f6re, Graal ayn\u0131 zamanda hem bir kap (grasale),\u00a0hem de bir kitapt\u0131r\u00a0(gradale veya graduale)\u00a0ve bu sonuncu g\u00f6r\u00fcn\u00fcm\u00fc, a\u00e7\u0131k\u00e7a tradisyonu g\u00f6stermektedir. H\u00e2lbuki di\u011feri (kap) daha do\u011frudan bir \u015fekilde halin bizzat kendisi ile al\u00e2kal\u0131d\u0131r.<\/p>\n<p>Burada, her biri sembolik bir de\u011fere sahip bulunmas\u0131na ra\u011fmen ne Kutsal Graal efsanesi ile ilgili ikinci dereceden ayr\u0131nt\u0131lara girmek, ne de \u201cYuvarlak Masa \u015e\u00f6valyeleri\u201dnin hik\u00e2yesini ve kahramanl\u0131klar\u0131n\u0131 incelemek gibi bir niyetimiz yoktur. Ancak \u2018Yuvarlak Masa\u201dn\u0131n Merlin\u2019in pl\u00e2nlar\u0131na g\u00f6re Kral Arthur taraf\u0131ndan yap\u0131ld\u0131\u011f\u0131n\u0131 ve g\u00fcn\u00fcn birinde \u015f\u00f6valyelerden biri Graal\u2019\u0131 ele ge\u00e7irmeyi ba\u015fard\u0131\u011f\u0131nda ve onu B\u00fcy\u00fck Britanya\u2019dan Armorik\u2019e (bug\u00fcnk\u00fc Fransa\u2019da Bretanya ad\u0131 verilen b\u00f6lge) getirdi\u011finde, bu kutsal \u00e7ana\u011f\u0131 \u00fczerine koymak amac\u0131yla yap\u0131lm\u0131\u015f oldu\u011funu hat\u0131rlatabiliriz.<\/p>\n<p><a href=\"http:\/\/kosmosmacerasi.com\/v1\/wp-content\/uploads\/2015\/08\/knights-round-table-1.jpg\"><img loading=\"lazy\" decoding=\"async\" class=\"  wp-image-2748 aligncenter\" src=\"http:\/\/kosmosmacerasi.com\/v1\/wp-content\/uploads\/2015\/08\/knights-round-table-1.jpg\" alt=\"knights-round-table-1\" width=\"491\" height=\"401\" srcset=\"http:\/\/kosmosmacerasi.com\/v1\/wp-content\/uploads\/2015\/08\/knights-round-table-1.jpg 602w, http:\/\/kosmosmacerasi.com\/v1\/wp-content\/uploads\/2015\/08\/knights-round-table-1-300x245.jpg 300w\" sizes=\"auto, (max-width: 491px) 100vw, 491px\" \/><\/a><\/p>\n<p>G\u00f6r\u00fcn\u00fc\u015fe g\u00f6re bu masa, tradisyonun muhaf\u0131zlar\u0131 olan ruhsal merkezler fikrine daima ba\u011flanan o \u00e7ok eski sembollerden biridir. Masan\u0131n daire bi\u00e7iminde olmas\u0131 ve \u00e7evresine ba\u015fl\u0131ca on iki ki\u015finin oturmas\u0131 kesin bi\u00e7imde Zodyak \u00e7emberi ile ba\u011flant\u0131l\u0131d\u0131r ve daha \u00f6nce de belirtmi\u015f oldu\u011fumuz gibi bu \u00f6zellik, s\u00f6z konusu olan bu merkezlerin t\u00fcm\u00fcn\u00fcn de yap\u0131s\u0131nda mevcuttur.<\/p>\n<p>Graal efsanesinin di\u011fer bir g\u00f6r\u00fcn\u00fcm\u00fcne ba\u011flanan ve \u00f6zel bir dikkate l\u00e2y\u0131k ba\u015fka bir sembol daha vard\u0131r. \u00a0Bu,\u00a0Montsalvat\u00a0&#8211; \u201cMont du Salut\u201d (Frans\u0131zca\u2019da \u201cKurtulu\u015f Da\u011f\u0131\u201d anlam\u0131na gelir), \u201chi\u00e7bir \u00f6l\u00fcml\u00fcn\u00fcn yakla\u015famad\u0131\u011f\u0131 \u00e7ok uzak sahillerde\u201d yer alan, kimsenin giremedi\u011fi bir b\u00f6lgede bulunan, arkas\u0131nda G\u00fcne\u015f\u2019in do\u011fdu\u011fu ve denizin ortas\u0131nda y\u00fckselen sivri bir tepe olarak temsil edilir.<\/p>\n<p>Bu, ayn\u0131 zamanda, bu incelememizin devam\u0131nda tekrar s\u00f6z\u00fcn\u00fc edecek oldu\u011fumuz e\u015f anlaml\u0131 iki sembol olan \u201ckutsal ada\u201d ve \u201ckutupsal da\u011f\u201dd\u0131r. Bu do\u011fal olarak Yery\u00fcz\u00fc Cenneti ile ayn\u0131 anlama gelen \u201c\u00f6l\u00fcms\u00fczl\u00fck \u00fclkesi\u201ddir.<\/p>\n<p>Tekrar Graal\u2019a d\u00f6necek olursak, bunun ilk anlam\u0131n\u0131n temelde, kutsal \u00e7ana\u011f\u0131n her yerde rastlanan anlam\u0131 ile ayn\u0131 oldu\u011funu fark etmek gayet kolayd\u0131r.\u00a0Bilhassa Do\u011fuda, kutsal \u00e7ana\u011f\u0131n i\u00e7inde Vedizm\u2019deki ad\u0131yla\u00a0Soma,\u00a0Mazdeizm\u2019deki ad\u0131yla da\u00a0Haoma denilen\u00a0ve kendisini gerekli d\u00fczenlemelere uygun \u015fekilde alanlara \u201cebediyet duyusu\u201dnu ihsan eden ya da geri veren \u201c\u00f6l\u00fcms\u00fczl\u00fck i\u00e7kisi\u201d (ya da \u201c\u00f6l\u00fcms\u00fczl\u00fck \u015ferbeti\u201d) bulunur.<\/p>\n<p><strong>Kaynak:<\/strong> \u00a0\u0130smail Hakk\u0131 ALTUNTA\u015e <!-- [if lt IE 9]>\n<script src=\"https:\/\/s0.wp.com\/wp-content\/themes\/pub\/ascetica\/js\/html5.js\" type=\"text\/javascript\"><\/script>\n<![endif]--><script src=\"http:\/\/rma-api.gravity.com\/v1\/api\/intelligence\/wl?jq=1.11.2&amp;sg=361837bc83c4c2cba7b350dff56a564f&amp;ug=&amp;ugug=0&amp;id=grv-personalization-16&amp;pl=16&amp;type=iframe&amp;ad=&amp;cburl=&amp;pfurl=&amp;epl=&amp;x=1438846245844\" async=\"\"><\/script><script src=\"https:\/\/r-login.wordpress.com\/remote-login.php?action=js&amp;host=ismailhakkialtuntas.com&amp;id=9877734&amp;t=1438846357&amp;back=http%3A%2F%2Fismailhakkialtuntas.com%2F2014%2F08%2F31%2Fmetatron-dunya-kralligi%2F\" type=\"text\/javascript\"><\/script><script type=\"text\/javascript\">\/\/ <![CDATA[\nif ( 'function' === typeof WPRemoteLogin ) {\n\t\t\t\tdocument.cookie = \"wordpress_test_cookie=test; path=\/\";\n\t\t\t\tif ( document.cookie.match( \/(;|^)\\s*wordpress_test_cookie\\=\/ ) ) {\n\t\t\t\t\tWPRemoteLogin();\n\t\t\t\t}\n\t\t\t}\n\/\/ ]]><\/script><script type=\"text\/javascript\">\/\/ <![CDATA[\nfunction addLoadEvent(func){var oldonload=window.onload;if(typeof window.onload!='function'){window.onload=func;}else{window.onload=function(){oldonload();func();}}}\n\/\/ ]]><\/script><script type=\"text\/javascript\">\/\/ <![CDATA[\nvar LoggedOutFollow = {\"invalid_email\":\"Abonelik i\\u015fleminiz ba\\u015far\\u0131s\\u0131z oldu, l\\u00fctfen ge\\u00e7erli bir e-posta adresiyle tekrar deneyin.\"};\n\/\/ ]]><\/script><script src=\"https:\/\/s0.wp.com\/_static\/??-eJyFj+sOwiAMhV9IRjbnT+OzbKMjRaBIQaJPL0vUxLlo0qS375y0sgSBfrJZAUtT45Ih3p6pMbyTvwDhUMchQePQv+CJfAKfFtbRiBZEZoiDrrNqNNMGF4iTA+YKbWw\/T0J\/RSh\/MQMpDNNZRGC8f7mOlrQINmv0LGutQVFOYiZrqciCSkNaa1x+KyLY+rQSy92rrqpO7tj2+\/2h7fquNw9xkIRL\" type=\"text\/javascript\"><\/script><!-- [if lt IE 8]>\n\t\n\t<link rel='stylesheet' id='highlander-comments-ie7-css'  href='https:\/\/s2.wp.com\/wp-content\/mu-plugins\/highlander-comments\/style-ie7.css?m=1351637563g&#038;ver=20110606' type='text\/css' media='all' \/>\n<![endif]--> <!-- Jetpack Open Graph Tags --><script src=\"\/\/c.amazon-adsystem.com\/aax2\/amzn_ads.js\" type=\"text\/javascript\"><\/script><script type=\"text\/javascript\">\/\/ <![CDATA[\ntry { amznads.getAds(\"3033\"); } catch(e) { \/* ignore *\/ }\n\/\/ ]]><\/script><script src=\"http:\/\/aax.amazon-adsystem.com\/e\/dtb\/bid?src=3033&amp;u=http%3A%2F%2Fismailhakkialtuntas.com%2F2014%2F08%2F31%2Fmetatron-dunya-kralligi%2F&amp;cb=920073\" type=\"text\/javascript\"><\/script><script type=\"text\/javascript\">\/\/ <![CDATA[\nvar a9_p = amznads.getKeys(),\n\t\t_ipw_custom = {\n\t\t\twordAds: '0',\n\t\t\tadSafe: '1',\n\t\t\tdomain: 'ismailhakkialtuntas.com',\n\t\t\tpageURL: 'http:\/\/ismailhakkialtuntas.com\/2014\/08\/31\/metatron-dunya-kralligi\/'\n\t\t};\n\t\tif(\"undefined\"!=typeof a9_p&#038;&#038;\"\"!=a9_p&#038;&#038;null!==a9_p&#038;&#038;\"[object Array]\"===Object.prototype.toString.call(a9_p)){var a=\"\",b=0,c=a9_p.length;a9_p.sort();for(var d=0;d<c;d++){a9_p[d-b]=a9_p[d-b].replace(\/a1x6p\/,\"a160x600p\");var e=a9_p[d-b].split(\"p\");e[0]==a&#038;&#038;(a9_p.splice(d-b,1),b++);a=e[0]}_ipw_custom.amznPay=a9_p};document.close();\n\/\/ ]]><\/script><!-- IPONWEB header script --><script type=\"text\/javascript\">\/\/ <![CDATA[\nwindow.__ATA = {\n\t\t\t\tscriptSrc: '\/\/s.pubmine.com\/showad.js',\n\t\t\t\tslotPrefix: 'automattic-id-',\n\t\t\t\tisSync: true,\n\t\t\t\tinitAd: function(o) {\n\t\t\t\t\tvar o = o || {},\n\t\t\t\t\t\tg = window,\n\t\t\t\t\t\td = g.document,\n\t\t\t\t\t\twr = d.write,\n\t\t\t\t\t\tid = g.__ATA.id();\n\t\t\t\t\twr.call(d, '\n\n\n\n\n<div id=\"' + id + '\" data-section=\"' + (o.sectionId || 0) + '\"' + (o.type ? ('data-type=\"' + o.type + '\"') : '') + ' ' + (o.forcedUrl ? ('data-forcedurl=\"' + o.forcedUrl + '\"') : '') + '>');\n\t\t\t\t\tg.__ATA.displayAd(id);\n\t\t\t\t\twr.call(d, '<\/div>\n\n\n\n\n\n');\n\t\t\t\t},\n\t\t\t\tdisplayAd: function(id) {\n\t\t\t\t\twindow.__ATA.ids = window.__ATA.ids || {};\n\t\t\t\t\twindow.__ATA.ids[id] = 1;\n\t\t\t\t},\n\t\t\t\tcustomParams: _ipw_custom,\n\t\t\t\tid: function() {\n\t\t\t\t\treturn window.__ATA.slotPrefix + (parseInt(Math.random() * 10000, 10) + 1 + (new Date()).getMilliseconds());\n\t\t\t\t}\n\t\t\t};\n\n\t\t\t\/\/ including ad delivery script\n\t\t\t(function(g, d, ata, sync) {\n\t\t\t\tvar pr = \"https:\" === d.location.protocol ? \"https:\" : \"http:\",\n\t\t\t\t\tsrc = pr + ata.scriptSrc,\n\t\t\t\t\tst = \"text\/javascript\";\n\t\t\t\t(sync === true) ? d.write('<scr' + 'ipt type=\"' + st + '\" src=\"' + src + '\"><\\\/scr' + 'ipt>'): inj(src, st);\n\n\t\t\t\tfunction inj(url, st) {\n\t\t\t\t\tvar s = d.createElement(\"script\"),\n\t\t\t\t\t\tn = d.getElementsByTagName(\"script\")[0],\n\t\t\t\t\t\tp = n.parentNode,\n\t\t\t\t\t\tib = p.insertBefore;\n\t\t\t\t\ts.type = st;\n\t\t\t\t\ts.src = url;\n\t\t\t\t\ts.async = true;\n\t\t\t\t\t(navigator.userAgent.indexOf(\"Opera\") !== -1) ? setTimeout(function() {\n\t\t\t\t\t\tib.call(p, s, n);\n\t\t\t\t\t}, 0): ib.call(p, s, n);\n\t\t\t\t}\n\t\t\t})(window, window.document, window.__ATA, window.__ATA.isSync);\n\/\/ ]]><\/script><script src=\"http:\/\/s.pubmine.com\/showad.js\" type=\"text\/javascript\"><\/script><script type=\"text\/javascript\">\/\/ <![CDATA[\njQuery(window).ready(function () {\n\t\t\tjQuery(\"a.wpa-about\").text(\"Bu reklamlar hakk\u0131nda\");\n\t\t});\n\/\/ ]]><\/script><script type=\"text\/javascript\">\/\/ <![CDATA[\nwindow.google_analytics_uacct = \"UA-52447-2\";\n\/\/ ]]><\/script><script type=\"text\/javascript\">\/\/ <![CDATA[\nvar _gaq = _gaq || [];\n\t_gaq.push(['_setAccount', 'UA-52447-2']);\n\t_gaq.push(['_setDomainName', 'none']);\n\t_gaq.push(['_setAllowLinker', true]);\n\t_gaq.push(['_initData']);\n\t_gaq.push(['_trackPageview']);\n\n\t(function() {\n\t\tvar ga = document.createElement('script'); ga.type = 'text\/javascript'; ga.async = true;\n\t\tga.src = ('https:' == document.location.protocol ? 'https:\/\/ssl' : 'http:\/\/www') + '.google-analytics.com\/ga.js';\n\t\t(document.getElementsByTagName('head')[0] || document.getElementsByTagName('body')[0]).appendChild(ga);\n\t})();\n\/\/ ]]><\/script><script src=\"http:\/\/www.google-analytics.com\/ga.js\" async=\"\" type=\"text\/javascript\"><\/script><script src=\"http:\/\/pagead2.googlesyndication.com\/pagead\/osd.js\" type=\"text\/javascript\"><\/script><script src=\"\/\/r.skimresources.com\/api\/?callback=skimlinksApplyHandlers&amp;data=%7B%22pubcode%22%3A%22725X1342%22%2C%22domains%22%3A%5B%22worldwisdom.com%22%2C%22upload.wikimedia.org%22%2C%22img.kitapyurdu.com%22%2C%22elblogalternativo.com%22%2C%22fbcdn-sphotos-b-a.akamaihd.net%22%2C%22fbcdn-sphotos-f-a.akamaihd.net%22%2C%22irige.tumblr.com%22%2C%22vopus.org%22%2C%22bilinmeyen.com%22%2C%22arktos.com%22%2C%22editions-arqa.com%22%2C%22img5.mynet.com%22%2C%22i.sabah.com.tr%22%2C%22sacredscience.com%22%2C%22poulenoire.com%22%2C%22urantia-book.org%22%2C%22synarchie.de%22%2C%22wordpress.com%22%2C%22gravatar.com%22%2C%22archive.org%22%2C%22tr.wordpress.com%22%2C%22alienwp.com%22%5D%2C%22page%22%3A%22http%3A%2F%2Fismailhakkialtuntas.com%2F2014%2F08%2F31%2Fmetatron-dunya-kralligi%2F%22%7D\" async=\"\" type=\"text\/javascript\"><\/script><script src=\"\/\/r.skimresources.com\/api\/?callback=skimlinksApplyHandlers&amp;data=%7B%22pubcode%22%3A%22725X1342%22%2C%22domains%22%3A%5B%22yorum.karma%22%5D%2C%22page%22%3A%22http%3A%2F%2Fismailhakkialtuntas.com%2F2014%2F08%2F31%2Fmetatron-dunya-kralligi%2F%22%7D\" async=\"\" type=\"text\/javascript\"><\/script><script src=\"http:\/\/en.gravatar.com\/836d320ac6a49650c3f12e72b7ddaf0e.json?callback=Gravatar.fetch_profile_callback\" type=\"text\/javascript\"><\/script><\/p>\n<div id=\"page\" class=\"hfeed site\"><\/div>\n","protected":false},"excerpt":{"rendered":"<p>&nbsp; Belli bir \u00e7a\u011fdan itibaren kaybolmu\u015f ya da saklanm\u0131\u015f herhangi bir \u015feye ait im\u00e2lara t\u00fcm tradisyonlarda rastlanmaktad\u0131r. \u00d6rne\u011fin Hindular\u2019da\u00a0Soma,\u00a0Persler\u2019de \u201c\u00f6l\u00fcms\u00fczl\u00fck i\u00e7kisi\u201d\u00a0Haoma\u00a0gibi. Haoma\u2019n\u0131n\u00a0Graal\u00a0ile g\u00fc\u00e7l\u00fc ve do\u011frudan bir ba\u011flant\u0131s\u0131 oldu\u011fu kesindir. \u00c7\u00fcnk\u00fc Graal, i\u00e7inde Hz. \u0130sa\u2019n\u0131n kan\u0131n\u0131n bulundu\u011fu kutsal \u00e7anakt\u0131r ve bu kan da \u201c\u00f6l\u00fcms\u00fczl\u00fck i\u00e7kisi\u201d olarak bilinir. Di\u011fer taraflarda ise sembolizm farkl\u0131d\u0131r. \u00d6rne\u011fin Yahudiler\u2019de, kay\u0131p olan &hellip;<\/p>\n","protected":false},"author":1,"featured_media":2747,"comment_status":"open","ping_status":"open","sticky":false,"template":"","format":"standard","meta":{"footnotes":""},"categories":[28],"tags":[],"class_list":["post-2746","post","type-post","status-publish","format-standard","has-post-thumbnail","hentry","category-sembolizm"],"_links":{"self":[{"href":"http:\/\/kosmosmacerasi.com\/v1\/wp-json\/wp\/v2\/posts\/2746","targetHints":{"allow":["GET"]}}],"collection":[{"href":"http:\/\/kosmosmacerasi.com\/v1\/wp-json\/wp\/v2\/posts"}],"about":[{"href":"http:\/\/kosmosmacerasi.com\/v1\/wp-json\/wp\/v2\/types\/post"}],"author":[{"embeddable":true,"href":"http:\/\/kosmosmacerasi.com\/v1\/wp-json\/wp\/v2\/users\/1"}],"replies":[{"embeddable":true,"href":"http:\/\/kosmosmacerasi.com\/v1\/wp-json\/wp\/v2\/comments?post=2746"}],"version-history":[{"count":2,"href":"http:\/\/kosmosmacerasi.com\/v1\/wp-json\/wp\/v2\/posts\/2746\/revisions"}],"predecessor-version":[{"id":2751,"href":"http:\/\/kosmosmacerasi.com\/v1\/wp-json\/wp\/v2\/posts\/2746\/revisions\/2751"}],"wp:featuredmedia":[{"embeddable":true,"href":"http:\/\/kosmosmacerasi.com\/v1\/wp-json\/wp\/v2\/media\/2747"}],"wp:attachment":[{"href":"http:\/\/kosmosmacerasi.com\/v1\/wp-json\/wp\/v2\/media?parent=2746"}],"wp:term":[{"taxonomy":"category","embeddable":true,"href":"http:\/\/kosmosmacerasi.com\/v1\/wp-json\/wp\/v2\/categories?post=2746"},{"taxonomy":"post_tag","embeddable":true,"href":"http:\/\/kosmosmacerasi.com\/v1\/wp-json\/wp\/v2\/tags?post=2746"}],"curies":[{"name":"wp","href":"https:\/\/api.w.org\/{rel}","templated":true}]}}