{"id":4198,"date":"2017-07-27T15:40:19","date_gmt":"2017-07-27T12:40:19","guid":{"rendered":"http:\/\/kosmosmacerasi.com\/v1\/?p=4198"},"modified":"2019-01-26T23:56:02","modified_gmt":"2019-01-26T21:56:02","slug":"kendimiz-gibi-olmak","status":"publish","type":"post","link":"http:\/\/kosmosmacerasi.com\/v1\/2017\/07\/kendimiz-gibi-olmak\/","title":{"rendered":"KEND\u0130M\u0130Z G\u0130B\u0130 OLMAK!?"},"content":{"rendered":"<h4><\/h4>\n<h4><span style=\"color: #ccffff;\">Hepiniz ger\u00e7ek kimli\u011fimizi, nereden geldi\u011fimizi, nereye gidece\u011fimizi, neyin nesi oldu\u011fumuzu sorgulam\u0131\u015fs\u0131n\u0131zd\u0131r herhalde. Yani, evet\u2026 insan deniliyor bizlere. \u2018\u0130nsan olmak!\u2019 \u2026 \u2018\u0130nsan gibi davranmak!\u2019 \u2026 \u2018\u0130nsanl\u0131k ad\u0131na!\u2019 \u2026 gibi terimler kullanmaya al\u0131\u015f\u0131\u011f\u0131z. Bir evvelki yaz\u0131mda da sormu\u015ftum; insan olmak iyi bir \u015fey mi acaba diye. Bilmiyorum\u2026 \u00c7\u00fcnk\u00fc bence ne iyiyiz ne de k\u00f6t\u00fc. Kendimiz gibi davrand\u0131\u011f\u0131m\u0131z\u0131 d\u00fc\u015f\u00fcnd\u00fc\u011f\u00fcm\u00fcz her zaman asl\u0131nda bizler kar\u015f\u0131m\u0131zdaki ki\u015filere ya da duruma g\u00f6re davran\u0131yoruz.<\/span><\/h4>\n<h4><span style=\"color: #ccffff;\">Say\u0131s\u0131z potansiyel tohumlar\u0131m\u0131z\u0131n oldu\u011funu bir\u00e7ok ki\u015fi bilir. Belli fakt\u00f6rlerin bir araya gelmesiyle her an i\u00e7imizde bilin\u00e7li ya da bilin\u00e7siz bast\u0131rd\u0131\u011f\u0131m\u0131z bir\/birka\u00e7 y\u00f6n\u00fcm\u00fcz\u00fcn ortaya \u00e7\u0131kabilece\u011fini \u00e7o\u011fumuz deneyimlemi\u015fizdir. Bazen tan\u0131d\u0131\u011f\u0131m\u0131z birinin cinnet ge\u00e7irdi\u011fini ya da kendisine hi\u00e7 yak\u0131\u015fmayacak bir \u015fey yapt\u0131\u011f\u0131n\u0131 duydu\u011fumuzda, \u2018hi\u00e7 \u00f6yle bir insan de\u011fildi\u2019 demiyor muyuz? Peki, bizler ne kadar masumuz?<\/span><\/h4>\n<h4><span style=\"color: #ccffff;\">Baz\u0131 arkada\u015flar\u0131m bilir, klasik laflar\u0131mdan biridir; \u2018\u0130nsan i\u015f ortam\u0131nda ya da arkada\u015f ortam\u0131nda kendi gibi davranabildi\u011fi zaman huzurludur\u2019 derim bazen. Peki, bizler ger\u00e7ekten de kendimizin fark\u0131nda m\u0131y\u0131z acaba? Yani hangimiz \u2018B\u0130Z\u2019 iz?<\/span><\/h4>\n<h4><span style=\"color: #ccffff;\">\u015eahsen kendimi analiz etti\u011fimde akl\u0131ma \u015fu soru geliyor; duygular\u0131m\u0131 kontrol alt\u0131nda tutmamay\u0131 se\u00e7ti\u011fimde neye d\u00f6n\u00fc\u015f\u00fcr\u00fcm?<\/span><\/h4>\n<h4><span style=\"color: #ccffff;\">En basit \u00f6rnekler;<\/span><\/h4>\n<h4><span style=\"color: #ccffff;\">*Bir yerde bir kuyru\u011fa girdi\u011fimde arkamdaki kad\u0131n\u0131n ne yapt\u0131\u011f\u0131n\u0131n fark\u0131nda olmadan, benim \u00f6zel alan\u0131ma girerek g\u00f6\u011f\u00fcslerini s\u0131rt\u0131ma dayarcas\u0131na yak\u0131n durmas\u0131 sonucu \u00f6fkemi kontrol alt\u0131na alamazsam, kad\u0131na s\u00f6zl\u00fc ikaz yerine yere f\u0131rlat\u0131p tekme atmak isterim.<\/span><\/h4>\n<h4><span style=\"color: #ccffff;\">*Bisikletle olmas\u0131 gerekti\u011fi gibi caddenin sa\u011f taraf\u0131ndan giderken, park etmi\u015f arabalar\u0131n \u015fof\u00f6rleri yola bakmadan kap\u0131y\u0131 a\u00e7\u0131p, bana \u00f6l\u00fcm korkusu ya\u015fatt\u0131ktan sonra suratlar\u0131nda hi\u00e7bir pi\u015fmanl\u0131k ifadesi olmadan arabalar\u0131ndan \u00e7\u0131karken umursamaz bak\u0131\u015flar\u0131na \u015fahit olurken\u2026. akl\u0131mdan ge\u00e7enleri bilmek istemezsiniz.<\/span><\/h4>\n<h4><span style=\"color: #ccffff;\">*Ya da piyasadaki \u00e7ocuk tecav\u00fczc\u00fclere, t\u00fcm masum canl\u0131lara zarar verenlere o kadar enteresan i\u015fkence y\u00f6ntemlerim var ki, uzakla\u015f\u0131rs\u0131n\u0131z yan\u0131mdan.<\/span><\/h4>\n<h4><span style=\"color: #ccffff;\">Ben bunlar\u0131 anl\u0131k da olsa d\u00fc\u015f\u00fcn\u00fcrken kendimi, yumruklar\u0131m\u0131 di\u015flerimi s\u0131km\u0131\u015f fark ederken, aile terbiyesi alamam\u0131\u015f, g\u00f6rg\u00fc kurallar\u0131 ve e\u011fitim g\u00f6rmemi\u015f, vicdan muhasebesi nedir bilmeyen biri ne yaps\u0131n? Yap\u0131yor zaten yapmak istedi\u011fini.<\/span><\/h4>\n<h4><span style=\"color: #ccffff;\">O zaman ne dememiz gerekir? Duygular\u0131n\u0131 kontrol alt\u0131nda tutabilen ve tutamayan. Bast\u0131rabilen ve bast\u0131ramayan. Bizleri birbirimizden karakter olarak farkl\u0131 k\u0131lan unsur kontrol mekanizmam\u0131z. Ak\u0131\u015fa b\u0131rak denilir ya, bende diyordum bir zamanlar, neyin ak\u0131\u015f\u0131na peki? Neye teslim olmam\u0131z gerekiyor yani? Bir kaynaktan akan sele kendimizi b\u0131rakmam\u0131z uygunsa o zaman \u2018\u00f6zg\u00fcr irade\u2019 diye dilimizden d\u00fc\u015f\u00fcrmedi\u011fimiz \u015fey nedir?<\/span><\/h4>\n<h4><span style=\"color: #ccffff;\">Ge\u00e7en aylarda fikirlerini dikkate ald\u0131\u011f\u0131m bir arkada\u015f\u0131mla konu\u015furken bir \u015fey fark ettim. Nette sosyal payla\u015f\u0131m ortamlar\u0131ndan uzak durmak ile ilgili sohbet ederken, bir\u00e7ok ki\u015finin bu ortamlardan uzak kalmay\u0131 se\u00e7tikten bir s\u00fcre sonra baz\u0131lar\u0131n\u0131n dayanamay\u0131p geri d\u00f6nd\u00fcklerini konu\u015ftuk.<\/span><\/h4>\n<h4><span style=\"color: #ccffff;\">Sonra akl\u0131ma geldi, belki de bu ortamlarda bulunmam\u0131z\u0131n sebebi kendimizden, kendi ger\u00e7ek do\u011fam\u0131zdan uzakla\u015fmak i\u00e7in. Kendimizle kald\u0131\u011f\u0131m\u0131zda bir s\u00fcre sonra buna dayanamay\u0131p bu payla\u015f\u0131m ortamlar\u0131na giriyor olabiliriz. Bu en \u00e7ok da etraf\u0131nda kafas\u0131na g\u00f6re pek kimsesi olmayanlar i\u00e7in ge\u00e7erli olabilir.<\/span><\/h4>\n<h4><span style=\"color: #ccffff;\">Bu yazd\u0131klar\u0131m elbette bir yerlerde bilimsel olarak a\u00e7\u0131klan\u0131yor\u2026 ya da belki \u00e7ok yanl\u0131\u015f de\u011ferlendiriyorumdur kimilerine g\u00f6re. Ama bu gibi tespitler benim \u015fu anki bak\u0131\u015f a\u00e7\u0131mdan g\u00f6rd\u00fcklerim.. s\u0131k s\u0131k bak\u0131\u015f a\u00e7\u0131m\u0131 de\u011fi\u015ftirmeye \u00e7al\u0131\u015fsam da.<\/span><\/h4>\n<h4><span style=\"color: #ccffff;\">Bedenimizdeki s\u0131f\u0131rlanm\u0131\u015f benli\u011fimiz, i\u00e7ine sokuldu\u011fumuz programda bize sunulanlar aras\u0131ndan se\u00e7tiklerimizle \u015fekilleniyor sanki. Her ge\u00e7en zamanda yeni bilgiler ediniyoruz ama hep bir yerde t\u0131kan\u0131yoruz.<\/span><\/h4>\n<h4><span style=\"color: #ccffff;\">\u0130ster kendimizi global bir d\u00fcnyada ya da d\u00fcz bir platformda zannedelim, \u00a0y\u0131ld\u0131z tozu gibi hissedelim, guru oldu\u011fumuzu d\u00fc\u015f\u00fcnelim hi\u00e7 fark etmiyor. Bir s\u00fcre sonra yine neden, nas\u0131l ne zaman sorular\u0131yla girdaba giriyoruz.<\/span><\/h4>\n<h4><span style=\"color: #ccffff;\">Bende diyorum ki, daha kendimizi ke\u015ffetmeden bizim d\u0131\u015f\u0131m\u0131zdaki hayat\u0131 \u00e7\u00f6zm\u00fc\u015f gibi davranmayal\u0131m. Bu ortamda her \u015feyi \u00e7\u00f6zebilen kimse yok bence. Bu kadar basit.. Birazc\u0131k kendimizin fark\u0131nda olal\u0131m\u2026gerisi bize belki sunulabilir. Biz se\u00e7ti\u011fimiz i\u00e7in\u00a0de\u011fil. Se\u00e7ildi\u011fimiz zaman.<\/span><\/h4>\n<h4><span style=\"color: #ccffff;\"><strong>\u00c7i\u011fdem Sar\u0131g\u00fcl &#8211; 27\/07\/2017<\/strong><\/span><\/h4>\n","protected":false},"excerpt":{"rendered":"<p>Hepiniz ger\u00e7ek kimli\u011fimizi, nereden geldi\u011fimizi, nereye gidece\u011fimizi, neyin nesi oldu\u011fumuzu sorgulam\u0131\u015fs\u0131n\u0131zd\u0131r herhalde. Yani, evet\u2026 insan deniliyor bizlere. \u2018\u0130nsan olmak!\u2019 \u2026 \u2018\u0130nsan gibi davranmak!\u2019 \u2026 \u2018\u0130nsanl\u0131k ad\u0131na!\u2019 \u2026 gibi terimler kullanmaya al\u0131\u015f\u0131\u011f\u0131z. Bir evvelki yaz\u0131mda da sormu\u015ftum; insan olmak iyi bir \u015fey mi acaba diye. Bilmiyorum\u2026 \u00c7\u00fcnk\u00fc bence ne iyiyiz ne de k\u00f6t\u00fc. Kendimiz gibi davrand\u0131\u011f\u0131m\u0131z\u0131 &hellip;<\/p>\n","protected":false},"author":1,"featured_media":4199,"comment_status":"closed","ping_status":"closed","sticky":false,"template":"","format":"standard","meta":{"footnotes":""},"categories":[33],"tags":[],"class_list":["post-4198","post","type-post","status-publish","format-standard","has-post-thumbnail","hentry","category-cigdem-sarigul-ozel-yazilar"],"_links":{"self":[{"href":"http:\/\/kosmosmacerasi.com\/v1\/wp-json\/wp\/v2\/posts\/4198","targetHints":{"allow":["GET"]}}],"collection":[{"href":"http:\/\/kosmosmacerasi.com\/v1\/wp-json\/wp\/v2\/posts"}],"about":[{"href":"http:\/\/kosmosmacerasi.com\/v1\/wp-json\/wp\/v2\/types\/post"}],"author":[{"embeddable":true,"href":"http:\/\/kosmosmacerasi.com\/v1\/wp-json\/wp\/v2\/users\/1"}],"replies":[{"embeddable":true,"href":"http:\/\/kosmosmacerasi.com\/v1\/wp-json\/wp\/v2\/comments?post=4198"}],"version-history":[{"count":6,"href":"http:\/\/kosmosmacerasi.com\/v1\/wp-json\/wp\/v2\/posts\/4198\/revisions"}],"predecessor-version":[{"id":4436,"href":"http:\/\/kosmosmacerasi.com\/v1\/wp-json\/wp\/v2\/posts\/4198\/revisions\/4436"}],"wp:featuredmedia":[{"embeddable":true,"href":"http:\/\/kosmosmacerasi.com\/v1\/wp-json\/wp\/v2\/media\/4199"}],"wp:attachment":[{"href":"http:\/\/kosmosmacerasi.com\/v1\/wp-json\/wp\/v2\/media?parent=4198"}],"wp:term":[{"taxonomy":"category","embeddable":true,"href":"http:\/\/kosmosmacerasi.com\/v1\/wp-json\/wp\/v2\/categories?post=4198"},{"taxonomy":"post_tag","embeddable":true,"href":"http:\/\/kosmosmacerasi.com\/v1\/wp-json\/wp\/v2\/tags?post=4198"}],"curies":[{"name":"wp","href":"https:\/\/api.w.org\/{rel}","templated":true}]}}