{"id":588,"date":"2015-06-20T19:55:56","date_gmt":"2015-06-20T16:55:56","guid":{"rendered":"http:\/\/kosmosmacerasi.com\/v1\/?p=588"},"modified":"2015-06-20T19:55:56","modified_gmt":"2015-06-20T16:55:56","slug":"nemrut-daginin-gizemi","status":"publish","type":"post","link":"http:\/\/kosmosmacerasi.com\/v1\/2015\/06\/nemrut-daginin-gizemi\/","title":{"rendered":"Nemrut Da\u011f\u0131n\u0131n Gizemi"},"content":{"rendered":"<p><a href=\"http:\/\/kosmosmacerasi.com\/v1\/wp-content\/uploads\/2015\/06\/213.jpg\"><img loading=\"lazy\" decoding=\"async\" class=\"  wp-image-590 alignleft\" src=\"http:\/\/kosmosmacerasi.com\/v1\/wp-content\/uploads\/2015\/06\/213-300x225.jpg\" alt=\"2\" width=\"373\" height=\"280\" srcset=\"http:\/\/kosmosmacerasi.com\/v1\/wp-content\/uploads\/2015\/06\/213-300x225.jpg 300w, http:\/\/kosmosmacerasi.com\/v1\/wp-content\/uploads\/2015\/06\/213.jpg 960w\" sizes=\"auto, (max-width: 373px) 100vw, 373px\" \/><\/a>Tarihin neresine bakarsan\u0131z bak\u0131n, muhakkak d\u00fcnyan\u0131n bir yerinde, \u00f6zg\u00fcn bir inan\u00e7 veya mistik ya da ok\u00fclt bir ya\u015fam bi\u00e7imi kar\u015f\u0131n\u0131za \u00e7\u0131kacakt\u0131r. Bu t\u00fcr gruplar\u0131n ana ilkesi karde\u015fliktir, karde\u015flik aday\u0131 belli bir e\u011fitim, \u00f6\u011frenim ve s\u0131nav a\u015famas\u0131n\u0131 ya\u015fad\u0131ktan sonra ezoterik gizemlerle beraber ya\u015famaya ba\u015flar ama bunlar\u0131 d\u0131\u015far\u0131ya ta\u015f\u0131mas\u0131 yasakt\u0131r \u00e7\u00fcnk\u00fc bilgi \u00f6zeldir ve yeterince e\u011fitilmemi\u015f, amac\u0131n\u0131 bilmeyen ve meraktan \u00f6teye ge\u00e7emeyen yani hak etmeyen ki\u015filere verilemez.<\/p>\n<p>Y\u00fczy\u0131l\u0131n sonuna do\u011fru, \u00e7o\u011funlu\u011fu Rus olan bir grup ok\u00fcltist veya ezoterist gizemci pe\u015f pe\u015fe ortaya \u00e7\u0131kt\u0131; aralar\u0131nda Madam H.P.Blavatsky, Alexandra David-Neale, P.D. Ouspensky ve G.I.Gurdjieff gibi \u00e7ok \u00f6nemli isimler bulunuyordu. Do\u011funun tan\u0131m\u0131yla bunlar; \u201cBilgeli\u011fin Ustalar\u0131\u201d yd\u0131lar. T\u00fcm\u00fc, uzak ge\u00e7mi\u015fin ezoterik ve gizemci mant\u0131\u011f\u0131 do\u011frultusundayd\u0131, kurduklar\u0131 gizem \u00f6rg\u00fctleri g\u00fcn\u00fcm\u00fczde milyonlarca insan\u0131 y\u00f6nlendiriyor, yani \u201cKarde\u015flik\u201d hala ya\u015f\u0131yor.<\/p>\n<p><span style=\"color: #993366;\"><strong>Hristiyanl\u0131\u011f\u0131n lideri Nemrut\u00b4da m\u0131yd\u0131?<\/strong><\/span><\/p>\n<p>920\u00b4de G.I. Gurdjieff, bat\u0131ya geldi ve Fransa\u00b4da kendi ad\u0131na bir gizem veya ezoterizm okulu a\u00e7t\u0131, okulun izledi\u011fi yol \u00e7ok eski bir ezoterik okulun yoluydu; bu \u00e7ok uzak ge\u00e7mi\u015ften gelen okulun ad\u0131 \u201cSarmoung Karde\u015fli\u011fi\u201d idi. \u0130pucu izlendi\u011finde, (Gurdjieff hakk\u0131nda yaz\u0131lan otobiyografi de bu y\u00f6ndedir.) ad\u0131 ge\u00e7en \u00f6rg\u00fct\u00fcn temelinde b\u00fcy\u00fck bir olas\u0131l\u0131kla, bir zamanlar Kuzey Mezopotamya\u00b4da geli\u015fip, yay\u0131lan ama sonra yok edilen H\u0131ristiyan Gnostik Okulu\u00b4ndan geriye kalanlar bulunuyordu.<\/p>\n<p>\u0130zleri s\u00fcrd\u00fcrd\u00fc\u011f\u00fcm\u00fczde bu kez g\u00fcn\u00fcm\u00fcz T\u00fcrkiye\u00b4sinin s\u0131n\u0131rlar\u0131n\u0131n i\u00e7ine giriyor ve kay\u0131p gizem okulunun G\u00fcneydo\u011fu Anadolu\u00b4da bulundu\u011fu anla\u015f\u0131l\u0131yordu yani Gurdjieff\u00b4in kurdu\u011fu \u00f6rg\u00fct\u00fcn en uzak ge\u00e7mi\u015finde yer alan kay\u0131p gizem okulu Anadolu\u00b4dayd\u0131; Ama nerede?<\/p>\n<p>\u0130\u015fte burada ortaya \u00e7\u0131kan bir adam yeri buldu\u011funu s\u00f6yledi, adam\u0131n ad\u0131 Adrian Gilbert\u00b4ti,1972 y\u0131l\u0131nda, Adrian Gilbert hac\u0131 olmak amac\u0131yla, Filistin\u00b4e, Hz. \u0130sa\u00b4n\u0131n do\u011fum yeri olan Bethlehem\u00b4e gitmi\u015fti, asl\u0131nda bilgeli\u011fin pe\u015findeydi, bir gizem \u00f6rg\u00fct\u00fc ar\u0131yor ve e\u011fitilmek istiyordu. B\u00f6lgede bir gizli okulun oldu\u011funu duymu\u015ftu. Kula\u011f\u0131na gelenlere g\u00f6re Matta \u0130ncili\u00b4nde ad\u0131 ge\u00e7en Maji Okulu buradayd\u0131.<\/p>\n<p>S\u0131k\u0131 bir aray\u0131\u015f\u0131n ve gizem dedektif\u00e7ili\u011finin sonucunda, o da Gurdjieff\u00b4in izine raslad\u0131. Filistin\u00b4de ortaya \u00e7\u0131kan iz, Fransa\u00b4dan gelen izle Anadolu\u00b4da birle\u015fiyordu ve Adrian Gilbert art\u0131k sonu\u00e7tan emindi; Kay\u0131p \u201cKarde\u015flik Okulu\u201d nun liderini ve yerini bulmu\u015ftu; Gilbert\u00b4e g\u00f6re \u00f6rg\u00fct\u00fcn kurucusu Commagene Kral\u0131 I. Antiochus, yeri ise Nemrut Da\u011f\u0131\u00b4yd\u0131.<\/p>\n<p><span style=\"color: #993366;\"><strong><a href=\"http:\/\/kosmosmacerasi.com\/v1\/wp-content\/uploads\/2015\/06\/411.jpg\"><img loading=\"lazy\" decoding=\"async\" class=\"  wp-image-592 alignright\" src=\"http:\/\/kosmosmacerasi.com\/v1\/wp-content\/uploads\/2015\/06\/411-300x237.jpg\" alt=\"4\" width=\"363\" height=\"287\" srcset=\"http:\/\/kosmosmacerasi.com\/v1\/wp-content\/uploads\/2015\/06\/411-300x237.jpg 300w, http:\/\/kosmosmacerasi.com\/v1\/wp-content\/uploads\/2015\/06\/411.jpg 602w\" sizes=\"auto, (max-width: 363px) 100vw, 363px\" \/><\/a>S\u0131ra Urfa\u00b4da:<\/strong><\/span><\/p>\n<p>Gilbert, Kral I. Antiochus\u00b4un ya\u015fad\u0131\u011f\u0131 \u00e7a\u011fda varolan Sarmoung Karde\u015flik \u00d6rg\u00fct\u00fc ile yak\u0131n ili\u015fkisi oldu\u011fu g\u00f6r\u00fc\u015f\u00fcnde, onun Kuzey F\u0131rat b\u00f6lgesine yay\u0131lan k\u00fc\u00e7\u00fck krall\u0131\u011f\u0131n\u0131n ana simgesi asland\u0131 veya Commagene Aslan\u0131\u00b4yd\u0131. Nemrut Da\u011f\u0131\u00b4nda bulunan dev mezar an\u0131tta, astrolojik ve Hermetik simgeler kullan\u0131larak, gizem vurgulanm\u0131\u015ft\u0131.<\/p>\n<p>Nemrut\u00b4da bulunan Aslan kabartmas\u0131n\u0131n \u00fczerindeki Astrolojik simgeler asl\u0131nda bir horoskop yani y\u0131ld\u0131z haritas\u0131d\u0131r ve Gilbert burada belirtilen i\u015faret edilen iki zaman d\u00f6nemiyle, Kral\u00b4\u0131n do\u011fum ve inisiye yani \u00f6rg\u00fctte e\u011fitildi\u011fi tarihleri i\u015faret etti\u011fi d\u00fc\u015f\u00fcncesindedir. Bu tarih 6 Ocak\u00b4t\u0131r yani \u0130sa\u00b4n\u0131n Yahya Peygamber taraf\u0131ndan vaftiz edildi\u011fi tarih yani \u00f6zg\u00fcn ad\u0131yla \u201cEpiphanes\u201d g\u00fcn\u00fc. G\u00fcn\u00fcm\u00fczde, ayn\u0131 tarihte Ortodokslar suya ha\u00e7 atarak kutlamalar yap\u0131yorlar.<\/p>\n<p>Gilbert, Kral Antiochus\u00b4un krall\u0131\u011f\u0131n\u0131n hen\u00fcz bulunmam\u0131\u015f bir yerinde 35\u00b4 e\u011fiminde, 155 m. uzunlu\u011funda, nereye gitti\u011fi bilinmeyen bir t\u00fcnel oldu\u011funu iddia ediyor. Asl\u0131nda bu iddia do\u011fru, \u00e7\u00fcnk\u00fc arkeologlar uzun zamandan beri bu bulmacan\u0131n pe\u015findeler, Kahta\u00b4dan Nemrut Da\u011f\u0131\u00b4na uzanan t\u00fcnellerin varl\u0131\u011f\u0131 biliniyor ama nereye gittikleri hen\u00fcz anla\u015f\u0131lamad\u0131 zira o boyutta kaz\u0131lar yap\u0131lm\u0131\u015f de\u011fil.<\/p>\n<p>Gilbert Commagene Kral\u0131\u00b4n\u0131n do\u011fum tarihini de hesapl\u0131yor; bu tarih G\u00fcne\u015f\u00b4in, Regulus y\u0131ld\u0131z\u0131yla Aslan Burcu\u00b4nda bulu\u015fum yapt\u0131\u011f\u0131 tarih yani 29 Haziran. Adrian Gilbert, Urfa\u00b4n\u0131n da (Eski ad\u0131yla Edessa) Orion Bilgeli\u011fi ile ilgili bir astrolojik merkez oldu\u011fu g\u00f6r\u00fc\u015f\u00fcnde ve bunun kan\u0131tlar\u0131n\u0131n da Eski Ahit\u00b4te yani Tevrat\u00b4da bulundu\u011funu belirtiyor.<strong>\u00a0<\/strong><\/p>\n<p><span style=\"color: #993366;\"><strong>Kral\u00b4\u0131n do\u011fumu ve M\u0131s\u0131r\u00b4a uzanan yol:<\/strong><\/span><\/p>\n<p>H\u0131ristiyanl\u0131\u011f\u0131n ilk y\u0131llar\u0131nda Urfa, \u00e7ok \u00f6nemli bir e\u011fitim merkeziydi ve kutsal kal\u0131nt\u0131lar hala orada g\u00f6r\u00fcl\u00fcr. Ha\u00e7l\u0131lar\u00b4\u0131n y\u0131k\u0131mlar\u0131ndan sonra b\u00f6lge, 1145\u00b4de \u0130slam Komutan\u0131 Zengi taraf\u0131ndan ele ge\u00e7irilmi\u015f ve 1146\u00b4da da Zengi\u00b4nin o\u011flu Nureddin, Ha\u00e7l\u0131lar\u0131 tamamen uzakla\u015ft\u0131rm\u0131\u015ft\u0131. Gilbert, ara\u015ft\u0131rmalar\u0131nda kay\u0131p Karde\u015flik \u00d6rg\u00fct\u00fc\u00b4n\u00fcn izlerinin Urfa\u00b4da da bulundu\u011fu belirtiyor ve Matta \u0130ncili\u00b4ndeki \u201cMaji \u00d6yk\u00fcs\u00fc\u201d n\u00fc hat\u0131rlat\u0131yor.<\/p>\n<p>Mesih\u00b4in yani \u0130sa\u00b4n\u0131n do\u011fumu yani Christmas G\u00fcn\u00fc sand\u0131\u011f\u0131m\u0131z gibi 25 Aral\u0131k de\u011fildir, bu tarih asl\u0131nda antik bir Pagan festivalini simgeler (Mitralar\u00b4\u0131n Do\u011fum Kutlamalar\u0131). Ger\u00e7ek Christmas Milattan \u00f6nceki 7. y\u0131l\u0131n 29 Temmuz\u00b4udur yani \u0130sa milattan 7 y\u0131l \u00f6nce do\u011fmu\u015ftur ve o g\u00fcn g\u00f6k konumu \u00e7ok \u00f6zeldir; G\u00fcne\u015f her y\u0131l ayn\u0131 tarihte, \u201cKral\u00b4\u0131n Do\u011fumu\u201d konumuna girer Aslan Burcu\u00b4ndaki \u201cK\u00fc\u00e7\u00fck Aslan\u201d veya \u201cAslan Y\u00fcrek\u201d de denen Regulus\u00b4la bulu\u015fur.<\/p>\n<p>Bu ayn\u0131 zamanda da, g\u00f6\u011f\u00fcn en parlak y\u0131ld\u0131z\u0131 olan Sirius\u00b4un y\u00fckseli\u015f d\u00f6neminin hemen sonras\u0131d\u0131r yani Sirius \u00f6zg\u00fcn periyodundaki g\u00f6r\u00fcnmezlik d\u00f6nemini bitirerek, y\u00fckselmeye ba\u015flar. M\u0131s\u0131r Mitolojisi\u00b4nde Sirius y\u0131ld\u0131z\u0131, Tanr\u0131\u00e7a Isis\u00b4in \u00f6zel y\u0131ld\u0131z\u0131d\u0131r, g\u00f6r\u00fclmedi\u011fi d\u00f6nemde Tanr\u0131\u00e7a hamiledir, y\u00fckseldi\u011finde yani parlamaya ba\u015flad\u0131\u011f\u0131nda o\u011flu Horus do\u011far, bu da G\u00fcne\u015f-Regulus bulu\u015fmas\u0131yla simgelenir.<\/p>\n<p><span style=\"color: #993366;\"><strong>Hristiyanl\u0131k ve Astrolojik Simgeler:<\/strong><\/span><\/p>\n<p>\u0130lk H\u0131ristiyanlar, bu mitolojik kavram\u0131 kulland\u0131lar, Sirius\u00b4un y\u00fckselmesi Meryem\u00b4in do\u011fumuydu ama bu kez do\u011fan Horus de\u011fildi \u00e7\u00fcnk\u00fc Meryem\u00b4in o\u011flu \u0130sa\u00b4yd\u0131. Ayn\u0131 anda g\u00f6r\u00fclen di\u011fer parlak y\u0131ld\u0131zlarda \u00f6nemliydiler, \u00f6rne\u011fin Orion Isis\u00b4in e\u015fi yani kocas\u0131 olan Osiris\u00b4ti. H\u0131ristiyan k\u00fclt\u00fcr\u00fc, Osiris\u00b4e Joseph yani Meryem e\u015fi ki\u015fili\u011fini verdi. Procyon y\u0131ld\u0131z\u0131 da, Sirius gibi Orion\u00b4dan sonra y\u00fckselir ve Isis\u00b4in k\u0131zkarde\u015fi Nephthys ile simgelenir ve o da orta e\u015f ki\u015fili\u011fiyle baz\u0131 erken H\u0131ristiyanl\u0131k s\u00f6ylencelerinde yer al\u0131r.<\/p>\n<p>Zodyak yani Bur\u00e7lar Ku\u015fa\u011f\u0131 genelde hayvanlarla simgelenir, \u00d6k\u00fcz yani Bo\u011fa, Koyun yani Ko\u00e7 bur\u00e7lar\u0131 \u0130sa\u00b4n\u0131n do\u011fdu\u011fu ah\u0131rda bulunan ve yemlenen yani beslenen iki hayvand\u0131r ve ah\u0131r Bethlehem kasabas\u0131ndad\u0131r, kasaban\u0131n ad\u0131n\u0131n anlam\u0131 \u201cEkme\u011fin Yeri\u201d dir, Bethlehem kasabas\u0131, Judah b\u00f6lgesinde yani \u0130srail\u00b4in Aslan Kabilesi\u00b4nin ya\u015fad\u0131\u011f\u0131 yerdedir ve bu kabilenin simgesi Aslan Burcu\u00b4ndaki veya tak\u0131my\u0131ld\u0131z\u0131ndaki Regulus\u00b4tur, sonu\u00e7 olarak ezoterik anlamda G\u00fcne\u015f-Regulus bulu\u015fumu, \u0130sa\u00b4n\u0131n ah\u0131rdaki do\u011fumunu simgeler.<\/p>\n<p><span style=\"color: #993366;\"><strong><a href=\"http:\/\/kosmosmacerasi.com\/v1\/wp-content\/uploads\/2015\/06\/311.jpg\"><img loading=\"lazy\" decoding=\"async\" class=\"  wp-image-591 alignright\" src=\"http:\/\/kosmosmacerasi.com\/v1\/wp-content\/uploads\/2015\/06\/311-300x225.jpg\" alt=\"3\" width=\"415\" height=\"311\" srcset=\"http:\/\/kosmosmacerasi.com\/v1\/wp-content\/uploads\/2015\/06\/311-300x225.jpg 300w, http:\/\/kosmosmacerasi.com\/v1\/wp-content\/uploads\/2015\/06\/311.jpg 802w\" sizes=\"auto, (max-width: 415px) 100vw, 415px\" \/><\/a>Nemrut da\u011f\u0131\u00b4ndaki horoskop \u015fekli:<\/strong><\/span><\/p>\n<p>Kabartmada g\u00f6r\u00fclen y\u00fcr\u00fcyen aslan formundaki y\u0131ld\u0131z haritas\u0131 yani horoskop, Yunan astrolojisi tarz\u0131ndad\u0131r ve bir tarih belirlenmi\u015ftir. Bu y\u00f6ntem atalar\u0131m\u0131z taraf\u0131ndan zaman zaman kullan\u0131lm\u0131\u015ft\u0131r; Seleucidler, Makedonyal\u0131lar, Persler, B\u00fcy\u00fck \u0130skender, Darius I taraf\u0131ndan kullan\u0131lm\u0131\u015ft\u0131r.<\/p>\n<p>Antik Yunan\u00b4\u0131n ve Persler\u00b4den gelen etkilerin ve Nemrut\u00b4ta yap\u0131lan geleneksel dinsel rit\u00fceller genel anlamda Orta Do\u011fu\u00b4dan Avrupa\u00b4ya y\u00f6nlenen Mitra inan\u00e7lar\u0131 ve dini ile ilgilidir. Commageneler\u00b4in Mitraik inanc\u0131, do\u011fudan bat\u0131ya do\u011fru bir yelpaze gibi yay\u0131l\u0131rken, kesin olarak H\u0131ristiyanl\u0131\u011f\u0131n temelini olu\u015fturmu\u015ftur yani H\u0131ristiyanl\u0131\u011f\u0131n k\u00f6keni Mitraizm dolay\u0131s\u0131 ile de Kral I. Antiochos\u00b4un kat\u0131ld\u0131\u011f\u0131 gizemli Karde\u015flik Dini\u00b4dir. Kral\u00b4\u0131n mimarlar\u0131, tarihsel g\u00f6ndermeyi yapmak amac\u0131yla, y\u0131ld\u0131z konumlar\u0131n\u0131 bir aslan formuyla olu\u015fturdular.<\/p>\n<p><span style=\"color: #993366;\"><strong>\u00dc\u00e7 Gizemli Adam m\u0131 Yoksa Gezegen mi?<\/strong><\/span><\/p>\n<p>Bebek \u0130sa\u00b4y\u0131 ziyarete geldiklerine inan\u0131lan \u00fc\u00e7 \u00e7oban krala Bethlehem\u00b4e giden yolu y\u0131ld\u0131zlar g\u00f6sterir, y\u0131ld\u0131zlar\u0131n geleneksel yeri eklipti\u011fin kuzeyindeki simgesel bir hatt\u0131 olu\u015fturur, bunlar Sirius\u00b4dan \u00f6nce do\u011fan Procyon, Castor ve Pollux\u00b4tur, \u00e7oban krallara yol g\u00f6sterirler yani Sirius\u00b4un do\u011faca\u011f\u0131 yeri g\u00f6sterirler.<\/p>\n<p>Adrian Gilbert, \u0130sa\u00b4n\u0131n do\u011fumunda parlayan ve Bethlehem\u00b4den izlenen b\u00fcy\u00fck y\u0131ld\u0131z\u0131n tek olmad\u0131\u011f\u0131na hatta y\u0131ld\u0131z olmad\u0131\u011f\u0131na inan\u0131yor, ona g\u00f6re parlakl\u0131\u011f\u0131n nedeni iki dev gezegenin yani Sat\u00fcrn ile J\u00fcpiter\u00b4in bulu\u015fumuydu. Bulu\u015fum Bal\u0131k Burcu\u00b4ndayd\u0131 ve bu nedenle de H\u0131ristiyanl\u0131\u011f\u0131n ger\u00e7ek simgesi bal\u0131kt\u0131. \u0130ki dev gezegen, o konumda ak\u015fam g\u00f6\u011f\u00fcn\u00fcn (saat 21:30 civar\u0131) en parlak g\u00f6k cisimleridirler ve \u00e7ok net olarak \u00e7\u0131plak g\u00f6zle g\u00f6r\u00fclebilirler.<\/p>\n<p>\u00dc\u00e7 \u00e7oban kral\u0131n ezoterik anlamlar\u0131 da b\u00f6yledir yani Melchior, Caspar ve Balthasar\u00b4\u0131n; Sat\u00fcrn ve J\u00fcpiter, iki kralla simgelenir; Melchior (Alt\u0131n Kral\u0131 J\u00fcpiter) ve Caspar (M\u00fcr yani koku kral\u0131 Sat\u00fcrn); J\u00fcpiter astrolojik anlamda, sa\u011fl\u0131\u011f\u0131 ve zenginli\u011fi simgelerken, Sat\u00fcrn \u00f6l\u00fcm ve mezar\u0131n yan\u0131s\u0131ra uzun ya\u015fam\u0131 simgeler.<\/p>\n<p>M\u00fcr, M\u0131s\u0131r mitlerinde Sat\u00fcrn simgeselli\u011fi do\u011frultusunda, mumyalamada kullan\u0131lan bir maddedir. \u00dc\u00e7\u00fcnc\u00fc \u00c7oban Kral yani \u00fc\u00e7\u00fcnc\u00fc gezegen G\u00fcne\u015f\u00b4e en yak\u0131n gezegen olan Merk\u00fcr\u00b4d\u00fcr, bu da Balthasar\u00b4d\u0131r (veya Belteshazzar), ismin anlam\u0131 \u201cY\u00fcce Efendi\u00b4nin \u00d6nc\u00fcs\u00fc\u201d veya en yak\u0131n yard\u0131mc\u0131s\u0131 \u015feklindedir. Merk\u00fcr, G\u00fcne\u015f\u00b4ten biraz \u00f6nce do\u011far yani sultan\u0131n veziri gibidir.<\/p>\n<p>Bebek \u0130sa\u00b4ya alt\u0131n ve m\u00fcr\u00b4\u00fcn yan\u0131 s\u0131ra Balthasar taraf\u0131ndan verilen \u00fc\u00e7\u00fcnc\u00fc arma\u011fan g\u00fcnn\u00fck veya buhurdur, g\u00fcnn\u00fck simgesel olarak majikal fonksiyonlar\u0131 uyand\u0131r\u0131r ve Merk\u00fcr ile astrolojik do\u011frultuda ili\u015fkilidir.<\/p>\n<p><span style=\"color: #993366;\"><strong><a href=\"http:\/\/kosmosmacerasi.com\/v1\/wp-content\/uploads\/2015\/06\/68.jpg\"><img loading=\"lazy\" decoding=\"async\" class=\"  wp-image-595 alignleft\" src=\"http:\/\/kosmosmacerasi.com\/v1\/wp-content\/uploads\/2015\/06\/68-300x225.jpg\" alt=\"6\" width=\"395\" height=\"296\" srcset=\"http:\/\/kosmosmacerasi.com\/v1\/wp-content\/uploads\/2015\/06\/68-300x225.jpg 300w, http:\/\/kosmosmacerasi.com\/v1\/wp-content\/uploads\/2015\/06\/68.jpg 650w\" sizes=\"auto, (max-width: 395px) 100vw, 395px\" \/><\/a>Nemrut da\u011f\u0131 ve s\u0131rlar\u0131:<\/strong><\/span><\/p>\n<p>Adrian Gilbert, t\u00fcm \u00f6yk\u00fcn\u00fcn anlam\u0131n\u0131n farkl\u0131 oldu\u011fu g\u00f6r\u00fc\u015f\u00fcnde, bizlere bu \u015fekilde \u0130sa\u00b4n\u0131n do\u011fum horoskopunun yani y\u0131ld\u0131z haritas\u0131n\u0131n anlat\u0131lmak istendi\u011fini d\u00fc\u015f\u00fcn\u00fcyor, e\u011fer okuma do\u011fru yap\u0131l\u0131rsa kesin zaman belirlenecektir. \u0130sa\u00b4da Horus gibi bir kral olarak do\u011fmu\u015ftur, gezegenlere uygun arma\u011fanlar onun do\u011fumunu simgelerler, Matta \u0130ncili\u00b4nde arma\u011fanlar\u0131n ba\u015ftan \u00e7\u0131kar\u0131c\u0131 olduklar\u0131 ve egosal ama\u00e7larla kullan\u0131labilecekleri vurgulan\u0131r.<\/p>\n<p>Yani \u00fc\u00e7 gezegenin negatif y\u00f6nleri vurgulan\u0131r, negatif y\u00f6nler pratik Maji\u00b4nin reddedilmesi (Merk\u00fcr), \u00f6l\u00fcms\u00fczl\u00fck arzusu (Sat\u00fcrn) ve krall\u0131k yani iktidar h\u0131rs\u0131d\u0131r (J\u00fcpiter). Daha sonraki olaylarda benzer anlamlar i\u00e7erirler, Yahya Peygamber \u00dcrd\u00fcn Irma\u011f\u0131\u00b4nda \u0130sa\u00b4y\u0131 vaftiz ederken cennetten gelen bir g\u00fcvercin simgeselli\u011finde \u0130sa\u00b4ya en y\u00fcksek arma\u011fan verilir, bunun anlam\u0131 gezegendeki en y\u00fcksek krall\u0131\u011f\u0131n onaylanmas\u0131d\u0131r.<\/p>\n<p>Art\u0131k o, Logos\u00b4un yani Var olu\u015f\u00b4un arac\u0131 olmu\u015ftur. Yani Vaftiz\u00b4in simgeselli\u011fi ve 6 Ocak kutlamalar\u0131n\u0131n anlam\u0131 g\u00f6ksel bulu\u015fman\u0131n ger\u00e7ekle\u015fmesi daha da \u00f6tede \u0130sa\u00b4n\u0131n g\u00f6ksel do\u011fumudur. Ama daha sonra bu tarih de\u011fi\u015fecek, 25 Aral\u0131k\u00b4a kayarak, antik Roma\u00b4n\u0131n Sat\u00fcrn \u015fenlikleri Mitralar\u00b4\u0131n do\u011fumu ile kar\u0131\u015facakt\u0131r.<\/p>\n<p>B\u00fct\u00fcn bunlardan anla\u015f\u0131lan \u015fey, Kay\u0131p Karde\u015flik \u00d6rg\u00fct\u00fc\u00b4n\u00fcn i\u00e7eri\u011fidir, Horus\u00b4dan, \u0130sa\u00b4ya oradan da Kral I. Antiochus\u00b4a uzanan gizemin ezoterik anlam\u0131 ve bunun astrolojik metotla, Hermetik Bilgelik d\u00fczeyinde simgeselle\u015ftirilmesidir fakat t\u00fcm anlat\u0131lar ve Gilbert\u00b4in iddialar\u0131 yine de as\u0131l gizemi a\u00e7\u0131klayam\u0131yor.<\/p>\n<p>Y\u0131ld\u0131zlar\u0131n ve gezegenlerin etkinli\u011fi ya da \u00f6nemi acaba kutsall\u0131k d\u00fczeyinde ezoterik simgesellik midir? Yoksa d\u00fcnya d\u0131\u015f\u0131ndaki bir yerler mi ima edilmektedir? S\u0131r, Orion ve Sirius\u00b4da sakl\u0131 gibidir; bir g\u00fcn bunu da \u00f6\u011frenece\u011fiz; ne zaman m\u0131? Kim bilir, belki de Nemrut Da\u011f\u0131\u00b4n\u0131n alt\u0131nda yatan s\u0131rr\u0131 \u00e7\u00f6zd\u00fc\u011f\u00fcm\u00fcz zaman\u2026<\/p>\n<p>Bilinmeyen.com<\/p>\n","protected":false},"excerpt":{"rendered":"<p>Tarihin neresine bakarsan\u0131z bak\u0131n, muhakkak d\u00fcnyan\u0131n bir yerinde, \u00f6zg\u00fcn bir inan\u00e7 veya mistik ya da ok\u00fclt bir ya\u015fam bi\u00e7imi kar\u015f\u0131n\u0131za \u00e7\u0131kacakt\u0131r. Bu t\u00fcr gruplar\u0131n ana ilkesi karde\u015fliktir, karde\u015flik aday\u0131 belli bir e\u011fitim, \u00f6\u011frenim ve s\u0131nav a\u015famas\u0131n\u0131 ya\u015fad\u0131ktan sonra ezoterik gizemlerle beraber ya\u015famaya ba\u015flar ama bunlar\u0131 d\u0131\u015far\u0131ya ta\u015f\u0131mas\u0131 yasakt\u0131r \u00e7\u00fcnk\u00fc bilgi \u00f6zeldir ve yeterince e\u011fitilmemi\u015f, amac\u0131n\u0131 &hellip;<\/p>\n","protected":false},"author":1,"featured_media":589,"comment_status":"open","ping_status":"open","sticky":false,"template":"","format":"standard","meta":{"footnotes":""},"categories":[8],"tags":[],"class_list":["post-588","post","type-post","status-publish","format-standard","has-post-thumbnail","hentry","category-gizemli-arkeolojik-tarih"],"_links":{"self":[{"href":"http:\/\/kosmosmacerasi.com\/v1\/wp-json\/wp\/v2\/posts\/588","targetHints":{"allow":["GET"]}}],"collection":[{"href":"http:\/\/kosmosmacerasi.com\/v1\/wp-json\/wp\/v2\/posts"}],"about":[{"href":"http:\/\/kosmosmacerasi.com\/v1\/wp-json\/wp\/v2\/types\/post"}],"author":[{"embeddable":true,"href":"http:\/\/kosmosmacerasi.com\/v1\/wp-json\/wp\/v2\/users\/1"}],"replies":[{"embeddable":true,"href":"http:\/\/kosmosmacerasi.com\/v1\/wp-json\/wp\/v2\/comments?post=588"}],"version-history":[{"count":1,"href":"http:\/\/kosmosmacerasi.com\/v1\/wp-json\/wp\/v2\/posts\/588\/revisions"}],"predecessor-version":[{"id":596,"href":"http:\/\/kosmosmacerasi.com\/v1\/wp-json\/wp\/v2\/posts\/588\/revisions\/596"}],"wp:featuredmedia":[{"embeddable":true,"href":"http:\/\/kosmosmacerasi.com\/v1\/wp-json\/wp\/v2\/media\/589"}],"wp:attachment":[{"href":"http:\/\/kosmosmacerasi.com\/v1\/wp-json\/wp\/v2\/media?parent=588"}],"wp:term":[{"taxonomy":"category","embeddable":true,"href":"http:\/\/kosmosmacerasi.com\/v1\/wp-json\/wp\/v2\/categories?post=588"},{"taxonomy":"post_tag","embeddable":true,"href":"http:\/\/kosmosmacerasi.com\/v1\/wp-json\/wp\/v2\/tags?post=588"}],"curies":[{"name":"wp","href":"https:\/\/api.w.org\/{rel}","templated":true}]}}