{"id":881,"date":"2015-06-22T10:48:02","date_gmt":"2015-06-22T07:48:02","guid":{"rendered":"http:\/\/kosmosmacerasi.com\/v1\/?p=881"},"modified":"2016-01-05T22:04:08","modified_gmt":"2016-01-05T20:04:08","slug":"gunes-sembolu","status":"publish","type":"post","link":"http:\/\/kosmosmacerasi.com\/v1\/2015\/06\/gunes-sembolu\/","title":{"rendered":"G\u00dcNE\u015e SEMBOL\u00dc"},"content":{"rendered":"<p><a href=\"http:\/\/kosmosmacerasi.com\/v1\/wp-content\/uploads\/2015\/06\/10994062_1540633249543878_3570561302588263536_n.jpg\"><img loading=\"lazy\" decoding=\"async\" class=\" size-medium wp-image-889 alignleft\" src=\"http:\/\/kosmosmacerasi.com\/v1\/wp-content\/uploads\/2015\/06\/10994062_1540633249543878_3570561302588263536_n-300x300.jpg\" alt=\"10994062_1540633249543878_3570561302588263536_n\" width=\"300\" height=\"300\" srcset=\"http:\/\/kosmosmacerasi.com\/v1\/wp-content\/uploads\/2015\/06\/10994062_1540633249543878_3570561302588263536_n-300x300.jpg 300w, http:\/\/kosmosmacerasi.com\/v1\/wp-content\/uploads\/2015\/06\/10994062_1540633249543878_3570561302588263536_n-150x150.jpg 150w, http:\/\/kosmosmacerasi.com\/v1\/wp-content\/uploads\/2015\/06\/10994062_1540633249543878_3570561302588263536_n.jpg 350w\" sizes=\"auto, (max-width: 300px) 100vw, 300px\" \/><\/a><\/p>\n<p>G\u00fcne\u015f hemen hemen t\u00fcm tradisyonlarda kutsall\u0131k atfedilen, \u0131\u015f\u0131\u011f\u0131n, bilginin, iyili\u011fin, Yarat\u0131c\u0131 g\u00fcc\u00fcn, Ruhsal Y\u00f6netim\u2019in temsili olarak ortaya \u00e7\u0131kan bir sembold\u00fcr. En y\u00fcce kozmik g\u00fc\u00e7; her \u015feyi g\u00f6ren ilahilik ve onun g\u00fcc\u00fc, Tanr\u0131\u2019n\u0131n fizik ortamda tecellisi, kozmosun kalbi, varl\u0131\u011f\u0131n ve sezgisel bilginin merkezi, d\u00fcnyan\u0131n zek\u00e2s\u0131, ayd\u0131nlanma, d\u00fcnyan\u0131n, g\u00fcnd\u00fcz\u00fcn ve adaletin g\u00f6z\u00fc, fethedilmemi\u015f olan, \u0131\u015f\u0131k, parlakl\u0131k, adalet, asalet g\u00fcne\u015fle ili\u015fkilendirilen kavramlardand\u0131r.<\/p>\n<p>O, pek \u00e7ok toplumda kabul edildi\u011fi gibi \u0130lahi \u0130yili\u011fin g\u00f6r\u00fcn\u00fcrdeki imaj\u0131, &#8216;I\u015f\u0131\u011f\u0131n A\u015fk\u0131n&#8217; ar\u015fetipi\u2019dir. &#8216;\u0130lahi I\u015f\u0131\u011f\u0131n Kelam\u0131&#8217; olarak da kabul edilir. Gelmi\u015f ge\u00e7mi\u015f t\u00fcm kadim bilgeliklerde G\u00fcne\u015f sembol\u00fcne rastlan\u0131r ve pek \u00e7ok tradisyonda insanl\u0131\u011f\u0131n manevi e\u011fitimlerinin G\u00f6r\u00fcnenin Ard\u0131ndaki G\u00f6r\u00fcnmeyen G\u00fcne\u015f taraf\u0131ndan yap\u0131ld\u0131\u011f\u0131 iddia edilir.<\/p>\n<p>G\u00fcne\u015f sembolleri olarak kullan\u0131lan pek \u00e7ok sembol vard\u0131r; d\u00f6nen tekerlek, disk, merkezinde nokta olan daire, \u0131\u015f\u0131nlar yayan daire, svastika, \u0131\u015f\u0131\u011f\u0131 ve g\u00fcne\u015fin \u0131s\u0131s\u0131n\u0131 ifade eden d\u00fcz ya da dalgal\u0131 \u0131\u015f\u0131nlar, beyaz veya alt\u0131ndan olan ve g\u00fcne\u015f tanr\u0131lar\u0131n s\u00fcrd\u00fc\u011f\u00fc \u0131\u015f\u0131kl\u0131 sava\u015f arabalar\u0131, d\u00fcnyada g\u00fcne\u015ften gemileriyle yol alan g\u00fcne\u015f tanr\u0131lar, \u0131\u015f\u0131kl\u0131 bir y\u00fcz, bunlardan baz\u0131lar\u0131d\u0131r. Ayr\u0131ca ortak olarak t\u00fcm kadim uygarl\u0131klarda G\u00fcne\u015f Sembol\u00fcne rastlan\u0131r. Hepsi kendi anlay\u0131\u015flar\u0131na g\u00f6re bu sembol\u00fc ifade etmi\u015flerdir.<\/p>\n<p><span style=\"color: #ff6600;\"><strong>G\u00f6r\u00fcn\u00fcr ve G\u00f6r\u00fcnmeyen G\u00fcne\u015f:<\/strong><\/span><\/p>\n<p><a href=\"http:\/\/kosmosmacerasi.com\/v1\/wp-content\/uploads\/2015\/06\/1613862_1540633172877219_2327803934345196015_n.jpg\"><img loading=\"lazy\" decoding=\"async\" class=\" wp-image-884 alignright\" src=\"http:\/\/kosmosmacerasi.com\/v1\/wp-content\/uploads\/2015\/06\/1613862_1540633172877219_2327803934345196015_n-300x200.jpg\" alt=\"1613862_1540633172877219_2327803934345196015_n\" width=\"327\" height=\"218\" srcset=\"http:\/\/kosmosmacerasi.com\/v1\/wp-content\/uploads\/2015\/06\/1613862_1540633172877219_2327803934345196015_n-300x200.jpg 300w, http:\/\/kosmosmacerasi.com\/v1\/wp-content\/uploads\/2015\/06\/1613862_1540633172877219_2327803934345196015_n.jpg 602w\" sizes=\"auto, (max-width: 327px) 100vw, 327px\" \/><\/a>G\u00f6r\u00fcn\u00fcr ve g\u00f6r\u00fcnmeyen, hissedilebilir ve kavranabilir, d\u0131\u015fsal ve i\u00e7sel g\u00fcne\u015fler aras\u0131nda genel olarak bir ayr\u0131m s\u00f6z konusudur. \u00c7o\u011fu tradisyonda G\u00fcne\u015f evrensel Baba, Ay ise Annedir; bunun istisnalar\u0131 sadece Amerikan K\u0131z\u0131lderililerinde, Maorilerde, Cermenlerde, Kelt tradisyonunda ve Japon sembolizmlerinde g\u00f6r\u00fcl\u00fcr.<\/p>\n<p>S\u00f6z konusu tradisyonlarda G\u00fcne\u015f\u00a0\u00a0 di\u015fil, Ay ise eril prensibi temsil eder. G\u00fcne\u015f ve ya\u011fmur temel d\u00f6lleyici g\u00fc\u00e7lerdir, \u00e7\u00fcnk\u00fc g\u00fcne\u015f damat, ay tanr\u0131\u00e7a ise gelindir; ikisi birlikte G\u00f6k Baba ve G\u00f6k Anne\u2019yi meydana getirirler. G\u00fcne\u015f, s\u00fcrekli do\u011fup batt\u0131\u011f\u0131 i\u00e7in ve \u0131\u015f\u0131nlar\u0131 hem hayat verici ve hem de tahrip edici oldu\u011fundan G\u00fcne\u015f hem hayat\u0131 ve \u00f6l\u00fcm\u00fc, ayr\u0131ca \u00f6l\u00fcm yoluyla hayat\u0131n yenilenmesini simgeler.<\/p>\n<p>\u0130\u00e7inden sular f\u0131\u015fk\u0131ran bir g\u00fcne\u015f diski, t\u00fcm ya\u015fam i\u00e7in gerekli olan g\u00fcne\u015f ile suyun (su ezoterizmde bilgiyle \u00f6zde\u015fle\u015fir) ve \u0131s\u0131 ile nemin birle\u015fmesini temsil eder. I\u015f\u0131nlar \u00e7\u0131kartan g\u00fcne\u015f ve \u0131\u015f\u0131nl\u0131 kalp, ayd\u0131nlanma ve zek\u00e2y\u0131 temsil edi\u015fiyle Merkez sembol\u00fcyle ayn\u0131 anlam\u0131 payla\u015f\u0131r.<\/p>\n<p>G\u00fcne\u015f, (iki anlam\u0131ndan menfi anlamdaki) y\u0131lan sembol\u00fcn\u00fcn tam z\u0131dd\u0131 olarak karanl\u0131kla sava\u015fan \u0131\u015f\u0131\u011f\u0131; d\u00fcnyevi olana kar\u015f\u0131l\u0131k g\u00f6ksel olan\u0131 temsil eder. Hareketsizce duran g\u00fcne\u015f zamans\u0131zl\u0131\u011f\u0131n, Ebedi \u015eimdi\u2019nin (nunc stans), ayd\u0131nlanman\u0131n, zamandan ve varolu\u015f d\u00f6ng\u00fcs\u00fcnden kurtulman\u0131n sembol\u00fcd\u00fcr. G\u00fcne\u015f ve ay birlikte eril ve di\u015fil g\u00fc\u00e7lerin birle\u015fmesini temsil ederler.<\/p>\n<p><span style=\"color: #ff6600;\"><strong>Astrolojide:<\/strong><\/span><\/p>\n<p>Astrolojide g\u00fcne\u015f hayat\u0131n, canl\u0131l\u0131\u011f\u0131n, bireylerin enkarne karakterlerinin, kalbin ve onun isteklerinin sembol\u00fcd\u00fcr.<\/p>\n<p>Azteklerde g\u00fcne\u015f saf ruhun ve havan\u0131n sembol\u00fcd\u00fcr. Kartal y\u00fckselen g\u00fcne\u015fi ve g\u00f6ksel unsuru temsil ederken hem kaplan hem de yere inen kartal g\u00fcne\u015fin bat\u0131\u015f\u0131n\u0131 ve d\u00fcnyevi unsuru temsil eder. T\u00fcyl\u00fc y\u0131lan sembol\u00fc de g\u00fcne\u015fle ili\u015fkilidir.<\/p>\n<p><span style=\"color: #ff6600;\"><strong>Hristiyanl\u0131kta-Eski Ahitte:<\/strong><\/span><\/p>\n<p>H\u0131ristiyanl\u0131kta Baba olan Tanr\u0131y\u0131; yani evrenin y\u00f6neticisini ve s\u00fcreklili\u011fini sa\u011flayan\u0131, \u0131\u015f\u0131k ve sevgi yay\u0131c\u0131s\u0131 olan\u0131 temsil eder. \u0130sa, do\u011fruluk g\u00fcne\u015fidir, Logos ise insandaki \u0130lahi \u00d6z\u2019d\u00fcr. \u00c7arm\u0131ha germe ile ifade edilen G\u00fcne\u015f ve Ay, \u0130sa\u2019n\u0131n iki do\u011fas\u0131n\u0131 ve Evrenin Tanr\u0131s\u0131\u2019na ba\u011fl\u0131 olan Do\u011fa\u2019n\u0131n g\u00fc\u00e7lerini temsil eder.<\/p>\n<p>Baz\u0131 d\u00f6rd\u00fcnc\u00fc y\u00fczy\u0131l mozaiklerinde \u0130sa, Heliosa benzer bir fig\u00fcrde, bir g\u00fcne\u015f sava\u015f arabas\u0131n\u0131n i\u00e7inde ve etraf\u0131 g\u00fcne\u015f \u0131\u015f\u0131nlar\u0131yla veya g\u00fcne\u015ften bir hale ile \u00e7evrili olarak resmedilmi\u015ftir. H\u0131ristiyan ikonografisinde do\u011funun \u00fczerinde tekrar tekrar y\u00fckselen g\u00fcne\u015f \u00f6l\u00fcms\u00fczl\u00fc\u011f\u00fc ve yeniden do\u011fu\u015fu sembolize etmektedir. Roman sanat\u0131nda ise \u0130sa zaman\u0131 yenmi\u015f olanlardan biri olarak s\u0131k s\u0131k g\u00fcne\u015fle \u00f6zde\u015fle\u015ftirilir, \u00e7\u00fcnk\u00fc g\u00fcne\u015f her g\u00fcn\u00fcn uzunlu\u011funu \u00f6l\u00e7mektedir.<\/p>\n<p>Eski Ahit\u2019te g\u00fcne\u015f Tanr\u0131\u2019n\u0131n G\u00f6kkubbeye yerle\u015ftirdi\u011fi iki b\u00fcy\u00fck \u0131\u015f\u0131ktan biri olarak kabul edilmi\u015ftir (Tekvin, 1:16).\u00a0 G\u00fcne\u015f, ba\u015fmelek Mikail\u2019in evidir, ay ise Cebrail\u2019in. Aziz Thomas Aquinas g\u00f6\u011fs\u00fcnde g\u00fcne\u015fle resmedilmi\u015ftir.<\/p>\n<p>Yahudilikte \u0130lahi \u0130radenin ve \u0130lahi Rehberli\u011fin simgesidir. G\u00fcne\u015f, Hindistan\u2019da, Suriye\u2019de oldu\u011fu gibi Varuna\u2019n\u0131n g\u00f6z\u00fcd\u00fcr; Pers inan\u0131\u015f\u0131nda Ahura Mazda\u2019n\u0131n g\u00f6z\u00fc, Yunanistan\u2019da Helios\u2019un (g\u00fcne\u015f tanr\u0131s\u0131) ve Zeus\u2019un g\u00f6z\u00fc, M\u0131s\u0131r\u2019da Ra\u2019n\u0131n g\u00f6z\u00fc olarak belirir. \u0130skandinav inisiyasyonunda Odin\u2019in g\u00f6z\u00fc her \u015feyi g\u00f6rendir.<\/p>\n<p>Avrupa t\u00f6renlerinde g\u00fcn d\u00f6n\u00fcmleri s\u0131ras\u0131nda yak\u0131lan tekerleklerin yuvarlanmas\u0131 ve buna benzer adetler g\u00fcne\u015f g\u00fc\u00e7lerinin b\u00fcy\u00fcsel bir bi\u00e7imde yenilenmesi i\u015flevine sahiptirler. \u00d6zellikle kuzey \u00fclkelerinde k\u0131\u015f g\u00fcnd\u00f6n\u00fcm\u00fcne do\u011fru g\u00fcnlerin k\u0131salmas\u0131 ve buna benzer adetler g\u00fcne\u015fin bir g\u00fcn s\u00f6nece\u011fi kayg\u0131s\u0131n\u0131 getirmektedir.<\/p>\n<p>Bu kayg\u0131 ise d\u00fcnyan\u0131n sonuyla ilgili g\u00f6r\u00fc\u015flerin do\u011fmas\u0131na neden olmu\u015ftur; g\u00fcne\u015fin d\u00fc\u015f\u00fc\u015f\u00fc ya da s\u00f6n\u00fc\u015f\u00fc d\u00fcnyan\u0131n sonunun i\u015faretlerinden biridir, yani kozmik d\u00f6ng\u00fcn\u00fcn sonunu ifade eder ki bu genelde yeni bir kozmogoni ve yeni bir insan \u0131rk\u0131n\u0131n da habercisidir. Bu bilgiyi \u00e7a\u011fr\u0131\u015ft\u0131ran bir di\u011fer kavram da \u201cG\u00fcne\u015f Kahramanlar\u0131\u201dd\u0131r. G\u00fcne\u015f Kahraman\u0131 miti yarat\u0131c\u0131 tanr\u0131 ile ili\u015fkilendirilir. Kahraman d\u00fcnyay\u0131 kurtar\u0131r, yeniler, evrenin yeniden d\u00fczenlenmesini sa\u011flayan yeni bir d\u00f6nem ba\u015flat\u0131r; bu ayn\u0131 zamanda Tanr\u0131\u2019n\u0131n miras\u0131n\u0131 korumak demektir.<\/p>\n<p><span style=\"color: #ff6600;\"><strong>K\u0131z\u0131lderililerde ve \u00c7e\u015fitli Yerli Halklarda:<\/strong><\/span><\/p>\n<p><a href=\"http:\/\/kosmosmacerasi.com\/v1\/wp-content\/uploads\/2015\/06\/10411005_1540633096210560_7825606503368637527_n.jpg\"><img loading=\"lazy\" decoding=\"async\" class=\" size-medium wp-image-885 alignleft\" src=\"http:\/\/kosmosmacerasi.com\/v1\/wp-content\/uploads\/2015\/06\/10411005_1540633096210560_7825606503368637527_n-300x279.jpg\" alt=\"10411005_1540633096210560_7825606503368637527_n\" width=\"300\" height=\"279\" srcset=\"http:\/\/kosmosmacerasi.com\/v1\/wp-content\/uploads\/2015\/06\/10411005_1540633096210560_7825606503368637527_n-300x279.jpg 300w, http:\/\/kosmosmacerasi.com\/v1\/wp-content\/uploads\/2015\/06\/10411005_1540633096210560_7825606503368637527_n.jpg 350w\" sizes=\"auto, (max-width: 300px) 100vw, 300px\" \/><\/a>Beyaz g\u00fcne\u015f, g\u00fcne\u015fle ili\u015fkili hayvanlarla ba\u011flant\u0131l\u0131d\u0131r ancak siyah g\u00fcne\u015f y\u0131lanla ve d\u00fcnyevi g\u00fc\u00e7lerle ili\u015fkilendirilir. Avc\u0131 toplumlarda g\u00fcne\u015f B\u00fcy\u00fck Avc\u0131\u2019d\u0131r. G\u00fcne\u015f bazen Hayat A\u011fac\u0131\u2019n\u0131n meyvesi olarak ifade edilir. G\u00fcne\u015f tanr\u0131s\u0131 eril oldu\u011funda g\u00fcne\u015f sa\u011f g\u00f6zle temsil edilir, di\u015fi oldu\u011funda ise sol g\u00f6zle. G\u00fcne\u015fin \u00c7ocuklar\u0131 kraliyet ailesinden olan, enkarne tanr\u0131lard\u0131r.<\/p>\n<p>Afrika tradisyonunda baz\u0131 kabilelerde g\u00fcne\u015f di\u015fil g\u00fc\u00e7t\u00fcr, Anne\u2019dir. Simyada G\u00fcne\u015f (Sol) zihindir. Sol ve luna (g\u00fcne\u015f ve ay) alt\u0131n ve g\u00fcm\u00fc\u015ft\u00fcr, kral ve krali\u00e7edir, ruh ve bedendir. Sol niger (siyah g\u00fcne\u015f), ilk maddeyi temsil eder. G\u00fcne\u015f gezegenini sembolize eden i\u00e7i noktal\u0131 daire, tamamlanman\u0131n ve B\u00fcy\u00fck \u00c7al\u0131\u015fma\u2019n\u0131n, Ruhsal \u0130dare ve G\u00f6zetimin sembol\u00fcd\u00fcr. Amerikan K\u0131z\u0131lderililerinde evrensel ruh, g\u00f6\u011f\u00fcn kalbidir. G\u00fcne\u015f dans\u0131 en \u00f6nemli rit\u00fcellerindendir.<\/p>\n<p>Maorilerde g\u00fcne\u015f ve ay g\u00f6ky\u00fcz\u00fcn\u00fcn g\u00f6zleridir. Mitra inisiyasyonunda ise Mitra bir g\u00fcne\u015f tanr\u0131s\u0131d\u0131r. Ay ve g\u00fcne\u015f baz\u0131 yerlerde ilk adam\u0131n ve ilk kad\u0131n\u0131n \u00e7ocuklar\u0131d\u0131r. G\u00fcne\u015f b\u00fcy\u00fck bir g\u00f6z k\u00fcresidir. G\u00fcne\u015f-y\u0131lan olarak tasvir edildi\u011fi de g\u00f6r\u00fcl\u00fcr. S\u00fcmer-Semitik tradisyonlarda, g\u00fcne\u015f tanr\u0131lar olan Shamash ve Asshur kanatl\u0131 g\u00fcne\u015f diskiyle temsil edilirler.<\/p>\n<p>Avustralya\u2019n\u0131n g\u00fcneybat\u0131s\u0131nda ya\u015fayan Wiradjuri ve Kamilaroiler\u2019de g\u00fcne\u015f, yarat\u0131c\u0131n\u0131n o\u011flu ve insan\u0131n yard\u0131mc\u0131s\u0131 tanr\u0131sal fig\u00fcr Grogoragalli olarak kabul edilir. Ayn\u0131 toplulukta ay sembol\u00fc de Y\u00fcce Varl\u0131\u011f\u0131n ikinci o\u011flu olarak kabul edilmektedir. Samoyedler, g\u00fcne\u015fin ve ay\u0131n g\u00f6\u011f\u00fcn g\u00f6zleri oldu\u011funu s\u00f6ylerler; g\u00fcne\u015f iyi g\u00f6z, ay ise kem g\u00f6zd\u00fcr.<\/p>\n<p>G\u00f6\u011f\u00fcn y\u00fcce varl\u0131\u011f\u0131n\u0131n g\u00fcne\u015fle \u00f6zde\u015fle\u015ftirilmesi Afrikada s\u0131k\u00e7a g\u00f6r\u00fcl\u00fcr. Afrika halklar\u0131n\u0131n bir\u00e7o\u011fu y\u00fcce varl\u0131\u011fa g\u00fcne\u015f ad\u0131n\u0131 verir. G\u00f6k Tanr\u0131\u2019n\u0131n g\u00fcne\u015fle kayna\u015ft\u0131\u011f\u0131n\u0131 ba\u015fka b\u00f6lgelerde de g\u00f6rebilmekteyiz; Louyilerde Niambe g\u00fcne\u015ftir; ya da Kavirondolarda g\u00fcne\u015f tap\u0131m\u0131, y\u00fcce varl\u0131k tap\u0131m\u0131n\u0131n yerine ge\u00e7er.<\/p>\n<p>Tingitlerde evreni yaratan, karga bi\u00e7imindedir, g\u00fcne\u015fle \u00f6zde\u015fle\u015ftirilmi\u015ftir ve y\u00fcce g\u00f6k tanr\u0131n\u0131n o\u011flu ya da yard\u0131mc\u0131s\u0131d\u0131r; g\u00f6revi onun taraf\u0131ndan ba\u015flat\u0131lan evrenin yarad\u0131l\u0131\u015f\u0131n\u0131 tamamlamak ve devam ettirmektir. Timor adas\u0131nda ise G\u00fcne\u015f Efendi Usi Neno, Toprak Han\u0131m\u2019\u0131n Usi-Afu\u2019nun kocas\u0131d\u0131r ve onlar\u0131n birle\u015fmelerinden d\u00fcnya do\u011far.<\/p>\n<p>Timor\u2019un kuzeyindeki Wettar Adas\u0131\u2019nda Y\u00fcce Varl\u0131k g\u00fcne\u015fle \u00f6zde\u015fle\u015ftirilmektedir. Y\u00fcce varl\u0131k g\u00f6kkubbede ve g\u00fcne\u015fte oturur ve eril ilkeyi i\u00e7erir, toprak ise di\u015fildir. Mezopotamya tanr\u0131s\u0131 \u015eama\u015f, \u201c\u00d6l\u00fclerin Ruhlar\u0131n\u0131n G\u00fcne\u015fi\u201d olarak adland\u0131r\u0131lmaktad\u0131r, onun sayesinde \u00f6l\u00fcler ya\u015fayabilmektedir. Ayn\u0131 zamanda adalet tanr\u0131s\u0131 ve yarg\u0131n\u0131n efendisidir. Tap\u0131na\u011f\u0131 \u00fclkenin yarg\u0131c\u0131n\u0131n evi olarak adland\u0131r\u0131lmaktad\u0131r. \u015eama\u015f ayn\u0131 zamanda kehanetler tanr\u0131s\u0131d\u0131r, peygamberlerin ve k\u00e2hinlerin efendisidir.<\/p>\n<p><span style=\"color: #ff6600;\"><strong>\u0130nisiyatik Tradisyonlarda:<\/strong><\/span><\/p>\n<p><a href=\"http:\/\/kosmosmacerasi.com\/v1\/wp-content\/uploads\/2015\/06\/10982356_1540633506210519_8013671773622724517_n.jpg\"><img loading=\"lazy\" decoding=\"async\" class=\" size-medium wp-image-886 alignright\" src=\"http:\/\/kosmosmacerasi.com\/v1\/wp-content\/uploads\/2015\/06\/10982356_1540633506210519_8013671773622724517_n-300x278.jpg\" alt=\"10982356_1540633506210519_8013671773622724517_n\" width=\"300\" height=\"278\" srcset=\"http:\/\/kosmosmacerasi.com\/v1\/wp-content\/uploads\/2015\/06\/10982356_1540633506210519_8013671773622724517_n-300x278.jpg 300w, http:\/\/kosmosmacerasi.com\/v1\/wp-content\/uploads\/2015\/06\/10982356_1540633506210519_8013671773622724517_n.jpg 352w\" sizes=\"auto, (max-width: 300px) 100vw, 300px\" \/><\/a>Tradisyonlarda inisiyelere \u201cG\u00fcne\u015f\u2019in O\u011fullar\u0131\u201d, \u201cI\u015f\u0131\u011f\u0131n O\u011fullar\u0131\u201d, \u201cDo\u011fan Ra Y\u0131ld\u0131z\u0131\u2019n\u0131n O\u011fullar\u0131\u201d gibi isimlerin verildi\u011fi de g\u00f6r\u00fclm\u00fc\u015ft\u00fcr. Aztekler ve \u0130nkalar da G\u00fcne\u015fin \u00c7ocuklar\u0131 olarak tan\u0131mlan\u0131rlar. \u0130nkalarda g\u00fcne\u015f, insan formunda ifade edilir, bu formun y\u00fcz\u00fc \u0131\u015f\u0131n yayan alt\u0131ndan bir disktir ve bu form bir atad\u0131r.<\/p>\n<p>\u0130ran tradisyonunda, Ormuzd\u2019un g\u00f6z\u00fc olarak ifade edilir. \u00d6l\u00fcms\u00fcz, parlak, h\u0131zl\u0131 at\u0131 olan\u2026 G\u00fcne\u015fe tapan ki\u015fi, Ormuzd\u2019a tap\u0131yor demektir, Ba\u015fmeleklere, kendi ruhuna tap\u0131yor demektir. Kanatl\u0131 g\u00fcne\u015f diski de ayn\u0131 zamanda Ormuzd\u2019u veya Ahura Mazda\u2019y\u0131 temsil etmektedir.<\/p>\n<p><span style=\"color: #ff6600;\"><strong>Anadolu\u2019da:<\/strong><\/span><\/p>\n<p><a href=\"http:\/\/kosmosmacerasi.com\/v1\/wp-content\/uploads\/2015\/06\/1503478_1540633352877201_5961581727092144625_n.jpg\"><img loading=\"lazy\" decoding=\"async\" class=\" size-medium wp-image-883 alignleft\" src=\"http:\/\/kosmosmacerasi.com\/v1\/wp-content\/uploads\/2015\/06\/1503478_1540633352877201_5961581727092144625_n-300x296.jpg\" alt=\"1503478_1540633352877201_5961581727092144625_n\" width=\"300\" height=\"296\" srcset=\"http:\/\/kosmosmacerasi.com\/v1\/wp-content\/uploads\/2015\/06\/1503478_1540633352877201_5961581727092144625_n-300x296.jpg 300w, http:\/\/kosmosmacerasi.com\/v1\/wp-content\/uploads\/2015\/06\/1503478_1540633352877201_5961581727092144625_n.jpg 352w\" sizes=\"auto, (max-width: 300px) 100vw, 300px\" \/><\/a>Ruhsal anlamda atfedilen \u00f6neminin yan\u0131 s\u0131ra g\u00fcne\u015fin d\u00fcnyasal tezah\u00fcrleri incelendi\u011finde insanl\u0131k tarihi boyunca, krallarla ve kahramanlarla \u00f6zde\u015fle\u015ftirilen G\u00fcne\u015f ile uygarl\u0131klar\u0131n geli\u015fimi aras\u0131nda bir paralellik bulundu\u011fu g\u00f6r\u00fclmektedir. Baz\u0131 ara\u015ft\u0131rmac\u0131lar g\u00fcne\u015f tan\u0131m\u0131yla birlikte uygarl\u0131\u011f\u0131n temel esaslar\u0131n\u0131, g\u00f6\u00e7ler ve sava\u015flar arac\u0131l\u0131\u011f\u0131yla her yere yayan \u201cG\u00fcne\u015fin \u00c7ocuklar\u0131\u201dndan s\u00f6zetmi\u015flerdir.<\/p>\n<p>G\u00fcne\u015fin ya da Y\u0131ld\u0131z\u0131n Do\u011fdu\u011fu \u00dclke anlam\u0131na gelen Anadolu\u2019da yap\u0131lan arkeolojik ara\u015ft\u0131rmalarda g\u00fcne\u015fi sembolize etti\u011fi d\u00fc\u015f\u00fcn\u00fclen pek \u00e7ok metal disk bulunmu\u015ftur. T\u00fcrkler g\u00fcne\u015f sembol\u00fcne \u00e7ok \u00f6nem atfetmi\u015fler, \u00d6nt\u00fcrkler g\u00fcne\u015fi son derece \u00f6nemsemekle birlikte ona tapmam\u0131\u015flard\u0131r. Mevlana\u2019ya g\u00f6re g\u00fcne\u015f, perdenin ard\u0131ndaki G\u00fcne\u015f\u2019in yans\u0131mas\u0131d\u0131r. Evrenin kalbi, g\u00f6ky\u00fcz\u00fcnde ve d\u00fcnyada Tanr\u0131\u2019n\u0131n i\u015faretidir.<\/p>\n<p>&nbsp;<\/p>\n<p><span style=\"color: #ff6600;\"><strong>\u015eamanizm, Budizm, Taoizm ve \u00c7in\u2019de:<\/strong><\/span><\/p>\n<p>G\u00fcne\u015f\u2019in \u0131\u015f\u0131nlar yayar bi\u00e7imde temsilini Mo\u011follar obalar\u0131n\u0131, \u00c7inliler ise pagodalar\u0131n\u0131 in\u015fa ederken kullanm\u0131\u015flard\u0131r. \u00c7in\u2019deki \u015fehircilik anlay\u0131\u015f\u0131nda halen kullan\u0131lan bu g\u00fcne\u015fsel yay\u0131l\u0131m tarz\u0131n\u0131n zaman zaman feng shui sanat\u0131yla da ili\u015fkilendi\u011fi g\u00f6r\u00fclebilmektedir. G\u00fcne\u015f \u0131\u015f\u0131nlar\u0131n\u0131n yay\u0131l\u0131m\u0131n\u0131 esas alan geometri Pisagor sembolziminde de \u00f6nem kazanm\u0131\u015ft\u0131r.<\/p>\n<p>Asya \u015eamanizminde \u015faman giysileri veya davullar\u0131 \u00fczerinde g\u00fcne\u015fi temsil eden sembollere rastlan\u0131r. \u00c7e\u015fitli yerlerde duvarlara kaz\u0131nm\u0131\u015f g\u00fcne\u015f ve disk sembolleri bulunmu\u015ftur.<\/p>\n<p>\u0130nka ve Maya ba\u015fl\u0131klar\u0131nda G\u00fcne\u015f, dairesel bi\u00e7im verilen t\u00fcylerle temsil edilir.\u00a0 G\u00fcne\u015f Tanr\u0131\u2019y\u0131 sembolize etti\u011fi i\u00e7in zamanla da ili\u015fkilendirilir ve Zaman\u0131n Efendileri\u2019nin G\u00f6r\u00fcnmeyen G\u00fcne\u015fle ba\u011flant\u0131s\u0131 oldu\u011fu d\u00fc\u015f\u00fcn\u00fcl\u00fcr.<\/p>\n<p>Bir\u00e7ok yerde g\u00f6kku\u015fa\u011f\u0131 g\u00fcne\u015fle \u00f6zde\u015fle\u015ftirilir. Y\u00fcce G\u00f6k Tanr\u0131 ile g\u00fcne\u015f aras\u0131nda s\u0131k s\u0131k soy ili\u015fkileri kurulur. Budizmde Budan\u0131n I\u015f\u0131\u011f\u0131, G\u00fcne\u015f Buda gibi kavramlar vard\u0131r. Hindu tradisyonunda ilahi hayat verici, Varuna\u2019n\u0131n g\u00f6z\u00fc olan g\u00fcne\u015f \u0130ndra ile de ili\u015fkilidir ve kaosun ve karanl\u0131\u011f\u0131n ejderi olan Vritra\u2019y\u0131 yener.<\/p>\n<p>\u015eiva da \u0131\u015f\u0131nlar\u0131 d\u00fcnyaya yarat\u0131c\u0131 Shakti\u2019yi getiren g\u00fcne\u015ftir. \u00dc\u00e7 g\u00fcne\u015fli \u00fc\u00e7l\u00fc a\u011fac\u0131 Trimurti\u2019yi temsil eder. On iki g\u00fcne\u015fli a\u011fa\u00e7 Adityas\u2019\u0131, Zodya\u011f\u0131 ve y\u0131l\u0131n aylar\u0131n\u0131 ifade eder. G\u00fcne\u015fin bu on iki formu bir tezah\u00fcr siklusunun sonunda e\u015fzamanl\u0131 olarak ortaya \u00e7\u0131kacakt\u0131r.<\/p>\n<p>Taoizm\u2019de G\u00fcne\u015f yangd\u0131r ve b\u00fcy\u00fck g\u00f6ksel g\u00fc\u00e7t\u00fcr. G\u00fcne\u015f ve ay birlikte do\u011fa\u00fcst\u00fc varolu\u015fu, t\u00fcm yay\u0131l\u0131m\u0131 temsil ederler.<\/p>\n<p>\u00c7in sembolizmine g\u00f6re G\u00fcne\u015f, eril ilke olan yang\u0131n simgesidir. Do\u011fdu\u011fu yer olan Do\u011fu ve g\u00fcc\u00fcn\u00fcn hissedilmeye ba\u015fland\u0131\u011f\u0131 mevsim olan baharla ba\u011fda\u015ft\u0131r\u0131l\u0131r. Bir \u00c7in mitine g\u00f6re G\u00fcne\u015flerin Anas\u0131 Xi-He\u2019nin ortaya \u00e7\u0131kmas\u0131 ve kaybolmas\u0131 \u201ckaranl\u0131k ve ayd\u0131nl\u0131\u011fa\u201d sebep olur.<\/p>\n<p>\u00c7in tradisyonunda g\u00fcne\u015f ayr\u0131ca g\u00f6ky\u00fcz\u00fcn\u00fcn, g\u00fcn\u00fcn g\u00f6z\u00fcn\u00fcn, d\u00fcnyay\u0131 d\u00f6lleyen aktif g\u00fcc\u00fcn temsilidir. G\u00fcne\u015f, g\u00fcc\u00fcn on iki sembol\u00fcnden biridir. On g\u00fcne\u015f, bir siklusun sonunu sembolize eden bir a\u011fa\u00e7t\u0131r. Horoz ve \u00fc\u00e7 ayakl\u0131 k\u0131rm\u0131z\u0131 kuzgun g\u00fcne\u015fte ya\u015farlar. \u00dc\u00e7 ayak, y\u00fckselen, tam tepedeki ve batan g\u00fcne\u015fi temsil eder.<\/p>\n<p><span style=\"color: #ff6600;\"><strong>Hermetizm\u2019de:<\/strong><\/span><\/p>\n<p><a href=\"http:\/\/kosmosmacerasi.com\/v1\/wp-content\/uploads\/2015\/06\/10959408_1540633416210528_7143621702282127516_n.jpg\"><img loading=\"lazy\" decoding=\"async\" class=\" size-medium wp-image-888 alignright\" src=\"http:\/\/kosmosmacerasi.com\/v1\/wp-content\/uploads\/2015\/06\/10959408_1540633416210528_7143621702282127516_n-294x300.jpg\" alt=\"10959408_1540633416210528_7143621702282127516_n\" width=\"294\" height=\"300\" srcset=\"http:\/\/kosmosmacerasi.com\/v1\/wp-content\/uploads\/2015\/06\/10959408_1540633416210528_7143621702282127516_n-294x300.jpg 294w, http:\/\/kosmosmacerasi.com\/v1\/wp-content\/uploads\/2015\/06\/10959408_1540633416210528_7143621702282127516_n.jpg 352w\" sizes=\"auto, (max-width: 294px) 100vw, 294px\" \/><\/a>Hermetik tradisyonda Yaradan\u2019\u0131n imaj\u0131 olan sembol \u00f6zellikle M\u0131s\u0131r\u2019da \u00f6nemli bir yer tutmaktad\u0131r. M\u0131s\u0131r\u2019da G\u00fcne\u015f Tanr\u0131 Ra k\u00fclt\u00fc, rit\u00fcelde ve mitolojide, S\u00fcmer ve Akad k\u00fclt\u00fcrlerine nazaran daha \u00f6nemli bir yere sahiptir. M\u0131s\u0131r\u2019da G\u00fcne\u015f Tanr\u0131 Ra, M\u0131s\u0131r\u2019\u0131n ilk kral\u0131 oldu\u011fu gibi Atum ad\u0131yla d\u00fcnyan\u0131n yarat\u0131c\u0131s\u0131 olarak biliniyordu. eliopolis (g\u00fcne\u015fkent) ad\u0131n\u0131n da g\u00f6sterdi\u011fi gibi Ra K\u00fclt\u00fc\u2019n\u00fcn en \u00f6nemli merkeziydi ve olas\u0131l\u0131kla Osiris k\u00fclt\u00fc ile g\u00fcne\u015f tanr\u0131 k\u00fclt\u00fcn\u00fcn kar\u0131\u015f\u0131p birle\u015fmesi eski krall\u0131k d\u00f6neminde burada ger\u00e7ekle\u015fmi\u015fti. Set ile m\u00fccadele halinde olan Horus, karanl\u0131kla sava\u015fan g\u00fcne\u015f g\u00fcc\u00fcd\u00fcr. Kanatl\u0131 g\u00fcne\u015f diski Ra\u2019n\u0131n ve Aton\u2019un g\u00fcne\u015f g\u00fcc\u00fcn\u00fcn ve hayat\u0131n yenilenmesinin sembol\u00fcd\u00fcr.<\/p>\n<p>Kahramanl\u0131kla ili\u015fkilendirilen G\u00fcne\u015f\u2019in yenilmez karakteri d\u00fc\u015f\u00fcncesi Ay\u2019\u0131n her ay \u00fc\u00e7 g\u00fcnl\u00fck kaybolu\u015f a\u015famas\u0131na gelinceye kadarki par\u00e7alara ayr\u0131lma halini (ay\u0131n d\u00fc\u015fmesi) ya\u015famas\u0131 gerekti\u011fi inanc\u0131yla g\u00fc\u00e7lenir, G\u00fcne\u015fin cehenneme inmek i\u00e7in \u00f6lmesi gerekmez, o okyanusa veya a\u015fa\u011f\u0131 sular g\u00f6l\u00fcne erimeden eri\u015febilir.<\/p>\n<p>Dolay\u0131s\u0131yla, G\u00fcne\u015fin \u00f6l\u00fcm\u00fc mutlaka yeniden do\u011fu\u015fu ifade eder ve ger\u00e7ekte \u00f6l\u00fcm olmayan bir \u00f6l\u00fcm olarak kabul edilir. Ayn\u0131 zamanda bu nedenden \u00f6t\u00fcr\u00fc de, atalara tap\u0131nmak g\u00fcne\u015f k\u00fclt\u00fcyle ili\u015fkilendirilir, \u00e7\u00fcnk\u00fc b\u00f6ylelikle korunman\u0131n ve kurtulu\u015fun sembolik s\u00f6z\u00fcn\u00fc (promise) sunmaktad\u0131r. Dolay\u0131s\u0131yla en geni\u015f ve otantik yorumlar g\u00fcne\u015fi eril g\u00fcc\u00fcn kozmik sembolle\u015ftirilmesi ve di\u015fil olan\u0131n ay\u0131 olarak g\u00f6r\u00fcr.<\/p>\n<p>Bu da \u015fu anlama gelmektedir; aktif nitelikler (yans\u0131t\u0131c\u0131l\u0131k, do\u011fru h\u00fck\u00fcm verebilme veya irade g\u00fcc\u00fc) g\u00fcne\u015fe ait olurken, pasif nitelikler (imajinasyon, duygusall\u0131k ve anlay\u0131\u015f) di\u015fildir, sezgi ise androjen \u00f6zelliktedir. G\u00fcne\u015fe tekab\u00fcl eden bu \u00f6zellikler metaller aras\u0131nda \u00e7o\u011funlukla alt\u0131n\u0131n temsilleridir ve sar\u0131 renkle sembolize edilirler. Simyac\u0131lar \u201c\u00e7al\u0131\u015fma i\u00e7in haz\u0131rlanm\u0131\u015f alt\u0131n\u201d veya felsefi s\u00fclf\u00fcr diye bahsederler ki bu da ayla ili\u015fkili olan Ay ve Merk\u00fcr\u2019\u00fcn tam tersidir. Bir di\u011fer simyasal kavram da, Sol in Homine kavram\u0131d\u0131r.<\/p>\n<p><span style=\"color: #ff6600;\"><strong>Grek Tradisyonunda:<\/strong><\/span><\/p>\n<p><a href=\"http:\/\/kosmosmacerasi.com\/v1\/wp-content\/uploads\/2015\/06\/10393919_1549402205333649_677408474579587973_n.jpg\"><img loading=\"lazy\" decoding=\"async\" class=\" size-medium wp-image-887 alignleft\" src=\"http:\/\/kosmosmacerasi.com\/v1\/wp-content\/uploads\/2015\/06\/10393919_1549402205333649_677408474579587973_n-300x234.jpg\" alt=\"10393919_1549402205333649_677408474579587973_n\" width=\"300\" height=\"234\" srcset=\"http:\/\/kosmosmacerasi.com\/v1\/wp-content\/uploads\/2015\/06\/10393919_1549402205333649_677408474579587973_n-300x234.jpg 300w, http:\/\/kosmosmacerasi.com\/v1\/wp-content\/uploads\/2015\/06\/10393919_1549402205333649_677408474579587973_n.jpg 302w\" sizes=\"auto, (max-width: 300px) 100vw, 300px\" \/><\/a>Kimi ara\u015ft\u0131rmac\u0131lar taraf\u0131ndan \u201cAkl\u0131n ate\u015fi\u201d olarak da tan\u0131mlanan G\u00fcne\u015f, zamanla Yunan-Roma d\u00fcnyas\u0131nda kozmik bir ilkeye d\u00f6n\u00fc\u015fm\u00fc\u015ft\u00fcr. Grek tradisyonunda G\u00fcne\u015f, her \u015feyi do\u011furan ve besleyen, d\u00fcnyan\u0131n y\u00f6neticisidir. G\u00fcne\u015f kalptir, ay ise evrenin ci\u011feridir. Herakleitos, \u201cG\u00fcne\u015fin her g\u00fcn yeniden do\u011fdu\u011funu\u201d s\u00f6ylemektedir.<\/p>\n<p>Platon\u2019a g\u00f6re G\u00fcne\u015f g\u00f6r\u00fcn\u00fcr olanda ifadesini bulan iyili\u011fin simgesidir. Orfik \u00f6\u011fretide g\u00fcne\u015f Her \u015eeyin Babas\u0131\u2019d\u0131r ve \u201cD\u00fcnyan\u0131n Akl\u0131d\u0131r\u201d. Macrobius t\u00fcm teolojiyi g\u00fcne\u015f tap\u0131m\u0131na ba\u011flar ve G\u00fcne\u015fle Apollon\u2019u, Liber-Dionysos\u2019u, Osiris\u2019i, Horus\u2019u, Adonis\u2019i, Horus\u2019u, Sat\u00fcrn\u2019\u00fc di\u011fer pek \u00e7ok simgeyle \u00f6zde\u015fle\u015ftirir. Apollon, g\u00fcne\u015f olarak karanl\u0131\u011f\u0131n y\u0131lan\u0131n\u0131 \u00f6ld\u00fcr\u00fcr. Platon inisiyasyonunda g\u00fcne\u015f g\u00f6rebilirli\u011fin, do\u011furman\u0131n, beslemenin ve b\u00fcy\u00fcmenin haz\u0131rlay\u0131c\u0131s\u0131 olurken Pisagor inisiyasyonunda on g\u00fcne\u015f, devri m\u00fckemmelli\u011fi temsil eder.<\/p>\n<p><span style=\"color: #ff6600;\"><strong>Mu Bilgeli\u011finde:<\/strong><\/span><\/p>\n<p><a href=\"http:\/\/kosmosmacerasi.com\/v1\/wp-content\/uploads\/2015\/06\/atlantis-simbolo.jpg\"><img loading=\"lazy\" decoding=\"async\" class=\" size-medium wp-image-890 alignright\" src=\"http:\/\/kosmosmacerasi.com\/v1\/wp-content\/uploads\/2015\/06\/atlantis-simbolo-300x257.jpg\" alt=\"atlantis%20simbolo\" width=\"300\" height=\"257\" srcset=\"http:\/\/kosmosmacerasi.com\/v1\/wp-content\/uploads\/2015\/06\/atlantis-simbolo-300x257.jpg 300w, http:\/\/kosmosmacerasi.com\/v1\/wp-content\/uploads\/2015\/06\/atlantis-simbolo.jpg 702w\" sizes=\"auto, (max-width: 300px) 100vw, 300px\" \/><\/a>Kay\u0131p Mu K\u0131tas\u0131\u2019na ili\u015fkin ara\u015ft\u0131rmalar\u0131 ile bilinen James Churchward\u2019a g\u00f6re G\u00fcne\u015f sembol\u00fc Mu K\u0131tas\u0131\u2019nda Tanr\u0131n\u0131n tekli\u011fini ifade ediyordu. Churchward, kadim kral ve h\u00fck\u00fcmdarlar\u0131n \u201cG\u00fcne\u015fin O\u011flu\u201d ad\u0131n\u0131 ald\u0131\u011f\u0131 bilgisini vermektedir. Mu k\u0131tas\u0131n\u0131n kraliyet armas\u0131 bir G\u00fcne\u015f \u0130mparatorlu\u011fu simgesiydi \u00e7\u00fcnk\u00fc arman\u0131n \u00fczerindeki simgeler ya da harfler incelendi\u011finde bu iki kelime(G\u00fcne\u015f \u0130mparatorlu\u011fu) ortaya \u00e7\u0131k\u0131yordu. Arman\u0131n \u00fczerinde bir g\u00fcne\u015f ile ondan \u00e7\u0131kan sekiz \u0131\u015f\u0131n ve bu \u0131\u015f\u0131nlar\u0131n etraf\u0131n\u0131 \u00e7eviren bir daire g\u00f6r\u00fclmektedir.<\/p>\n<p>Bu \u0131\u015f\u0131nlar Churchward\u2019a g\u00f6re sekiz y\u00f6n\u00fc temsil eder ve bununla t\u00fcm d\u00fcnyan\u0131n, t\u00fcm insanl\u0131\u011f\u0131n G\u00fcne\u015f \u0130mparatorlu\u011fu\u2019nun etkisinde oldu\u011fu ortaya \u00e7\u0131kar. Geleneklere g\u00f6re Mu bir imparatorlu\u011fa d\u00f6n\u00fc\u015ft\u00fc\u011f\u00fcnde kral veya imparator olarak bir Hiyeratik Reis se\u00e7ilmi\u015fti. Hiyeratik Reis dinsel \u00f6\u011fretilerdeki Tanr\u0131l\u0131\u011f\u0131 temsil ediyordu. Ra denilen g\u00fcne\u015f, Tanr\u0131l\u0131\u011f\u0131n t\u00fcm niteliklerini kendinde toplayan kolektif ve en y\u00fcksek sembold\u00fc. Bundan \u00f6t\u00fcr\u00fc g\u00fcne\u015f, krallar\u0131n kral\u0131n\u0131n sembol\u00fc olmu\u015ftu.<\/p>\n<p>G\u00fcne\u015f bir\u00e7ok tradisyonda ilahi \u0131\u015f\u0131\u011f\u0131n g\u00f6klerdeki sembol\u00fcd\u00fcr. D\u00fcnya\u2019n\u0131n sonsuzlu\u011fa a\u00e7\u0131lan kap\u0131s\u0131d\u0131r, bilgiye ve \u00f6l\u00fcms\u00fczl\u00fc\u011fe giri\u015f yeridir. \u00c7e\u015fitli tradisyonlarda \u201cs\u00fcptil g\u00fcne\u015f\u201d, g\u00fcne\u015fin ard\u0131ndaki g\u00fcne\u015f\u201d, \u201cas\u0131l g\u00fcne\u015f\u201d, \u201c\u00e7ifte g\u00fcne\u015f\u201d gibi \u00e7e\u015fitli \u015fekillerde ifade edilmektedir.<\/p>\n<p>Ezoterik kaynaklara g\u00f6re do\u011fru yolu benimsemi\u015f bir toplulu\u011fa \u00f6nderlik eden \u201cManu\u201d ad\u0131ndaki lider, eski bir zamanda Orta Asya\u2019da bu toplulu\u011fa ya da inisiyelerine \u015fu konu\u015fmay\u0131 yapm\u0131\u015ft\u0131r: \u201cAtalar\u0131n\u0131z ilahlarla birlikte ya\u015f\u0131yordu. Art\u0131k ilahlar nadiren g\u00f6z\u00fckecekler ama siz insanlara ba\u011fl\u0131l\u0131k ni\u015fan\u0131n\u0131 b\u0131rakt\u0131lar (ni\u015fan s\u00f6zc\u00fc\u011f\u00fcyle G\u00fcne\u015f, kimi kaynaklara g\u00f6re ise g\u00f6kku\u015fa\u011f\u0131 kastediliyor). Yasalara g\u00f6re ya\u015fay\u0131n\u0131z! Size tekrar geleceklerdir.<\/p>\n<p>Enkarne olarak geleceklerdir. Ey kad\u0131nlar temiz kal\u0131n\u0131z! \u00c7\u00fcnk\u00fc gelecek neslin kahramanlar\u0131na gebe olacaklar sizlersiniz. (G\u00fcne\u015fi g\u00f6stererek s\u00f6zlerine \u015f\u00f6yle devam eder) \u0130\u015fte Ulu Tanr\u0131\u2019n\u0131n imaj\u0131. O\u2019na do\u011fru ilerlemek gerek\u201d. B\u00f6ylece g\u00fcne\u015f Aryen Irk\u0131\u2019n\u0131n kutsal sembol\u00fc ve ilahili\u011fin ilk sembol\u00fc olmu\u015ftur. \u00c7e\u015fitli tradisyonlarda, efsanelerde, mitolojilerde g\u00fcne\u015fin g\u00f6r\u00fcnmedi\u011fi bir devirden s\u00f6z edildi\u011fini g\u00f6rmekteyiz.<\/p>\n<p><span style=\"color: #ff6600;\"><strong>Dogonlar\u2019da:<\/strong><\/span><\/p>\n<p>S\u00f6z konusu bilgilerde bu d\u00f6nemde insanlar\u0131n Nommo\u2019nun gemisi yere kondu\u011funda insanlar ilk kez g\u00fcne\u015fin do\u011fu\u015funa tan\u0131k oldular. G\u00fcne\u015f \u00f6nceden de mevcuttu fakat Amma onu bat\u0131ya itmi\u015f oldu\u011fundan insanlar onu g\u00f6remiyorlard\u0131. G\u00fcne\u015f do\u011fduktan sonra Sirius yol g\u00f6sterdi. G\u00fcne\u015fimiz ile evlendi (Dogon tradisyonu).<\/p>\n<p>A\u015fa\u011f\u0131daki Mezopotamya M\u00fchr\u00fc ile Dogon G\u00fcne\u015f Efsanesi aras\u0131nda yak\u0131n bir ba\u011f vard\u0131r. G\u00fcne\u015f ve Kanatl\u0131 Y\u0131ld\u0131z ayn\u0131 anda ele al\u0131nm\u0131\u015ft\u0131r. Afrika yerlileri ile Mezopotamya K\u00fclt\u00fcr\u00fc aras\u0131ndaki bu benzerlik o \u00e7a\u011f\u0131n \u015fartlar\u0131 da g\u00f6z \u00f6n\u00fcne al\u0131nd\u0131\u011f\u0131nda hayli \u015fa\u015f\u0131rt\u0131c\u0131d\u0131r.<\/p>\n<p><span style=\"color: #ff6600;\"><strong>Ezoterizm\u2019de:<\/strong><\/span><\/p>\n<p>G\u00fcne\u015f sembol\u00fc Sirius \u00e7ifty\u0131ld\u0131z\u0131n\u0131 ifade etmek i\u00e7in de kullan\u0131l\u0131r. Ara\u015ft\u0131rmac\u0131 Murry Hope ve ezoterik alanda \u00e7al\u0131\u015fmakta olan di\u011fer pek \u00e7ok ara\u015ft\u0131rmac\u0131, G\u00fcne\u015f sembol\u00fcn\u00fcn G\u00fcne\u015f sistemimizdeki de\u011fil, spirit\u00fcel g\u00fcne\u015fi ve tezah\u00fcr\u00fc olan Sirius \u00e7ifty\u0131ld\u0131z\u0131n\u0131 temsil etti\u011fini d\u00fc\u015f\u00fcnmektedir. S\u00f6z konusu ara\u015ft\u0131rmac\u0131lara g\u00f6re Dogon tradisyonundaki G\u00fcne\u015f sisteminin Sirius sistemi ile evleni\u015fi, g\u00fcne\u015f sisteminde Sirius K\u00fclt\u00fcr\u00fc\u2019n\u00fcn ba\u015flamas\u0131 anlam\u0131na gelmektedir.<\/p>\n<p>G\u00fcne\u015f sembol\u00fc \u00e7e\u015fitli tradisyonlarda genellikle Ruhsal Y\u00f6netim\u2019i temsil eder. G\u00fcne\u015fin farkl\u0131 ilahlarla ki\u015file\u015ftirilmesi sembolizmlerinde Y\u00fcksek \u0130dare Mekanizmas\u0131\u2019n\u0131n farkl\u0131 fonksiyonlar\u0131 ifade edilmektedir.<\/p>\n<p>Buna \u00f6rnek olarak, \u201cKaosu \u0131\u015f\u0131klar\u0131yla varl\u0131k haline \u00e7eviren G\u00fcne\u015f\u201d sembolizminde g\u00f6r\u00fclen, Semavi Y\u00f6netim\u2019in kozmik olu\u015fumlarla ilgili olu\u015fturucu etkinli\u011fi, G\u00fcne\u015fin d\u00fcnyaya uzanan ve ellere d\u00f6n\u00fc\u015fen tasvirinde Mekanizma\u2019n\u0131n yery\u00fcz\u00fc \u00fczerindeki sevk ve idare fonksiyonu, G\u00fcne\u015f\u2019in g\u00f6\u011f\u00fcn g\u00f6z\u00fc tarz\u0131nda belirtilmesi sembolizminde yery\u00fcz\u00fcnde hi\u00e7bir \u015feyin Semavi Y\u00f6netim\u2019in g\u00f6z\u00fcnden ka\u00e7mamas\u0131 olarak ifade edilir.<\/p>\n<p><span style=\"color: #ff6600;\"><strong>Neo Spirit\u00fcalist G\u00f6r\u00fc\u015fte:<\/strong><\/span><\/p>\n<p>Neospirit\u00fcalist g\u00f6r\u00fc\u015fte, G\u00fcne\u015f sembol\u00fc ile \u201cYery\u00fcz\u00fcnde Mu\u2019dan itibaren G\u00f6r\u00fcnenin Ard\u0131ndaki G\u00f6r\u00fcnmeyen G\u00fcne\u015f, G\u00fcne\u015f k\u00fclt\u00fc gibi ifadelerle, ezoterik tradisyonda ve sembol dilinde daha pek \u00e7ok \u00e7e\u015fitli isimlerle an\u0131lan Sirius Kozmik K\u00fclt\u00fcr\u00fc ve E\u011fitim Sistemleri anlat\u0131lmak istenmekte ve gezenimizle Sirius Kozmik K\u00fclt\u00fcr\u00fc aras\u0131nda bir ba\u011f kurulmaktad\u0131r. \u201d<\/p>\n<p>Bu konu hakk\u0131nda Neospirit\u00fcalizmin \u00fclkemizdeki geli\u015fimine b\u00fcy\u00fck katk\u0131lar\u0131 olan \u00dcstad Erg\u00fcn Ar\u0131kdal:\u00a0 \u2018\u2019Sirius Sistemi Galaktik sevk ve idare merkezlerinden biridir\u2019\u2019, c\u00fcmlesi ile g\u00f6r\u00fc\u015f\u00fcn\u00fc a\u00e7\u0131k\u00e7a ifade etmektedir.<\/p>\n<p>Neospirit\u00fcalizmde, G\u00fcne\u015f\u2019le sembolize edilen y\u00fcksek e\u011fitim sistemlerinin kap\u0131lar\u0131 her isteyene, istedi\u011fi zamanda a\u00e7\u0131lmamaktad\u0131r. Do\u011fu Kap\u0131s\u0131 olarak da adland\u0131r\u0131lan bu Semavi Kap\u0131 gezegende yeni bir tedrisat uygulanaca\u011f\u0131 zamanlarda bilginin dejenere edilmemesi i\u00e7in yaln\u0131z inisiyelere a\u00e7\u0131lmakta ve al\u0131nan bilgilerin aynen aktar\u0131m\u0131na \u00e7ok \u00f6zen g\u00f6sterilmektedir.<\/p>\n<p>Ayr\u0131ca bilgiyi alanlardan da uygulama beklenmektedir. Tarih boyunca genel realiteleri ge\u00e7mi\u015f ki\u015filerce aktar\u0131lan bu tip bilgilerin baz\u0131 \u00f6zel elemeleri ve s\u0131navlar\u0131 olmu\u015ftur. Atlantis k\u0131tas\u0131 batarken baz\u0131 Atlantis Rahipleri d\u00fcnyan\u0131n \u00e7e\u015fitli yerlerine da\u011f\u0131larak ayn\u0131 merkezi y\u00f6netimin tanr\u0131sal takdir ile indirilen bilgilerini da\u011f\u0131tm\u0131\u015flar, bu da Aztek, \u0130nka, Maya, M\u0131s\u0131r, Asya ve Anadolu\u00a0 k\u00fclt\u00fcrleri \u015feklinde d\u00fcnyan\u0131n pek \u00e7ok yerinde ayn\u0131 k\u00fclt\u00fcr\u00fcn de\u011fi\u015fik izlerine rastlanmas\u0131na neden olmu\u015ftur.<\/p>\n<p>Ayr\u0131ca t\u00fcm Mu ve Atlantist\u2019i anlatan ve g\u00fcne\u015f sembol\u00fcn\u00fc a\u00e7maya \u00e7al\u0131\u015fan kadim bilgilerde, ezoterik metinlerde a\u015fa\u011f\u0131daki sat\u0131rlara benzer deyi\u015flerle Y\u00fcksek Bilgilerin \u0131\u015f\u0131\u011f\u0131nda bir ayd\u0131nlanmadan s\u00f6z edilmi\u015ftir.<\/p>\n<p>\u201cG\u00fcne\u015f\u2019in Do\u011fu kap\u0131lar\u0131 a\u00e7\u0131l\u0131yor\u2026Yeni devrede tedrisat dersleri alacak \u00f6\u011frenciler,<\/p>\n<p>Vazife plan\u0131yla irtibat kuracak vazifeliler\u2026Y\u00fcksek bilgilerin \u0131\u015f\u0131\u011f\u0131nda ayd\u0131nlanma yolunda y\u00fcr\u00fcyorlar.\u201d<\/p>\n<p>Astroset<\/p>\n<p>&nbsp;<\/p>\n","protected":false},"excerpt":{"rendered":"<p>G\u00fcne\u015f hemen hemen t\u00fcm tradisyonlarda kutsall\u0131k atfedilen, \u0131\u015f\u0131\u011f\u0131n, bilginin, iyili\u011fin, Yarat\u0131c\u0131 g\u00fcc\u00fcn, Ruhsal Y\u00f6netim\u2019in temsili olarak ortaya \u00e7\u0131kan bir sembold\u00fcr. En y\u00fcce kozmik g\u00fc\u00e7; her \u015feyi g\u00f6ren ilahilik ve onun g\u00fcc\u00fc, Tanr\u0131\u2019n\u0131n fizik ortamda tecellisi, kozmosun kalbi, varl\u0131\u011f\u0131n ve sezgisel bilginin merkezi, d\u00fcnyan\u0131n zek\u00e2s\u0131, ayd\u0131nlanma, d\u00fcnyan\u0131n, g\u00fcnd\u00fcz\u00fcn ve adaletin g\u00f6z\u00fc, fethedilmemi\u015f olan, \u0131\u015f\u0131k, parlakl\u0131k, adalet, &hellip;<\/p>\n","protected":false},"author":1,"featured_media":3474,"comment_status":"open","ping_status":"open","sticky":false,"template":"","format":"standard","meta":{"footnotes":""},"categories":[28],"tags":[],"class_list":["post-881","post","type-post","status-publish","format-standard","has-post-thumbnail","hentry","category-sembolizm"],"_links":{"self":[{"href":"http:\/\/kosmosmacerasi.com\/v1\/wp-json\/wp\/v2\/posts\/881","targetHints":{"allow":["GET"]}}],"collection":[{"href":"http:\/\/kosmosmacerasi.com\/v1\/wp-json\/wp\/v2\/posts"}],"about":[{"href":"http:\/\/kosmosmacerasi.com\/v1\/wp-json\/wp\/v2\/types\/post"}],"author":[{"embeddable":true,"href":"http:\/\/kosmosmacerasi.com\/v1\/wp-json\/wp\/v2\/users\/1"}],"replies":[{"embeddable":true,"href":"http:\/\/kosmosmacerasi.com\/v1\/wp-json\/wp\/v2\/comments?post=881"}],"version-history":[{"count":4,"href":"http:\/\/kosmosmacerasi.com\/v1\/wp-json\/wp\/v2\/posts\/881\/revisions"}],"predecessor-version":[{"id":3503,"href":"http:\/\/kosmosmacerasi.com\/v1\/wp-json\/wp\/v2\/posts\/881\/revisions\/3503"}],"wp:featuredmedia":[{"embeddable":true,"href":"http:\/\/kosmosmacerasi.com\/v1\/wp-json\/wp\/v2\/media\/3474"}],"wp:attachment":[{"href":"http:\/\/kosmosmacerasi.com\/v1\/wp-json\/wp\/v2\/media?parent=881"}],"wp:term":[{"taxonomy":"category","embeddable":true,"href":"http:\/\/kosmosmacerasi.com\/v1\/wp-json\/wp\/v2\/categories?post=881"},{"taxonomy":"post_tag","embeddable":true,"href":"http:\/\/kosmosmacerasi.com\/v1\/wp-json\/wp\/v2\/tags?post=881"}],"curies":[{"name":"wp","href":"https:\/\/api.w.org\/{rel}","templated":true}]}}