{"id":2984,"date":"2015-09-03T12:32:10","date_gmt":"2015-09-03T09:32:10","guid":{"rendered":"http:\/\/kosmosmacerasi.com\/v1\/?p=2984"},"modified":"2016-01-15T17:14:35","modified_gmt":"2016-01-15T15:14:35","slug":"adem-ve-ademogullari","status":"publish","type":"post","link":"https:\/\/kosmosmacerasi.com\/v1\/2015\/09\/adem-ve-ademogullari\/","title":{"rendered":"\u00c2dem ve \u00c2demo\u011fullar\u0131"},"content":{"rendered":"<p>&nbsp;<\/p>\n<p>&#8220;Ben Haz. \u0130dris&#8217;e dedim ki, etraf\u0131mda dolanan bir ruh g\u00f6rd\u00fcm. Bana atalar\u0131mdan oldu\u011funu belirterek ismini s\u00f6yledi. Onun \u00f6l\u00fcm tarihini sordum, bana k\u0131rk bin sene \u00f6nce oldu\u011funu s\u00f6yledi. Bizim inan\u00e7larda \u00c2dem\u2019in ne zamanlar ya\u015fad\u0131\u011f\u0131n\u0131 sordum. O da, `Hangi \u00c2dem\u2019i soruyorsun, Yak\u0131n olan \u00c2dem mi?&#8217; diye sordu. Haz. \u0130dris Buyurdu ki, `Do\u011frudur &#8230;&#8217; &#8221; \u0130bn&#8217;\u00fcl Arabi, F\u00fct\u00fchat-\u0131 Mekkiyye.<\/p>\n<p>\u00c2dem, \u00fc\u00e7 semavi din taraf\u0131ndan ilk insan olarak bilinir. Fars-Sanskrit k\u00f6keninde bulunan &#8220;adamas&#8221; s\u00f6zc\u00fc\u011f\u00fc T\u00fcrk\u00e7e \u2018de &#8220;adam&#8221;, erkek olarak yerle\u015fmi\u015ftir. Bu g\u00f6steriyor ki \u00c2dem s\u00f6zc\u00fc\u011f\u00fc olduk\u00e7a yayg\u0131nd\u0131r. \u0130branice&#8217;de &#8220;k\u0131z\u0131l toprak&#8221; anlam\u0131na gelen \u00c2dem, ilk insan\u0131n K\u0131z\u0131lderili oldu\u011fu kan\u0131s\u0131n\u0131 uyand\u0131rm\u0131\u015ft\u0131r. Ayr\u0131ca, Atlantaloglar aras\u0131nda Atlantis&#8217;in topra\u011f\u0131n\u0131n verimli, volkanik ve demir oksitli olu\u015fundan dolay\u0131 k\u0131rm\u0131z\u0131 renkte oldu\u011funu d\u00fc\u015f\u00fcnenler de var.<\/p>\n<p>K\u0131z\u0131lderili, Amerika&#8217;n\u0131n ke\u015ffinden \u00e7ok \u00f6nce Grekler taraf\u0131ndan (Atlantisliler gibi) deniz uluslar\u0131 olan Finikelilere ve Giritlilere denilirdi. Fenikeli (Phoinikia) Grek\u00e7e&#8217;de K\u0131z\u0131lderili anlam\u0131na gelir. Ayr\u0131ca M\u0131s\u0131rl\u0131lar kendilerinin aslen K\u0131z\u0131lderili olduklar\u0131n\u0131 s\u00f6ylerdi. Blavatsky&#8217;e g\u00f6re, &#8220;Gizli Doktrin \u00f6\u011fretir ki, Ad-i ilk konu\u015fan insanlara verilen ad\u0131n\u0131&#8230; Adam, Sanskrit\u00e7e Ada-Nath&#8217;d\u0131r ve Ad-\u0130swara gibi ilk \u00f6nder anlam\u0131na gelir. Ayn\u0131 \u015fekilde Ad (ilk)&#8217;le ba\u015flayan her hangi bir Sanskrit s\u00f6zc\u00fck bu anlam\u0131 i\u00e7erir&#8221;.<\/p>\n<p>Fenikelerin tanr\u0131s\u0131 Adonis etraf\u0131nda, Anadolu ve Orta-Do\u011fu&#8217;da yayg\u0131n bir k\u00fclt olu\u015fmu\u015ftu. Bat\u0131 Anadolu&#8217;da Frigler ona Attis derlerdi. Sami dillerde Adonis s\u00f6zc\u00fc\u011f\u00fc efendi veya \u00f6nder (h\u00fckmeden) anlam\u0131n\u0131 ald\u0131. \u0130braniler Tanr\u0131 anlam\u0131a gelen &#8220;Yahweh&#8221; s\u00f6zc\u00fc\u011f\u00fc bo\u015f yere kullan\u0131p on emirlere kar\u015f\u0131 gelmemek i\u00e7in onun yerine ayn\u0131 k\u00f6kenden &#8220;Adonay&#8221; s\u00f6zc\u00fc\u011f\u00fc kullan\u0131rlar.<\/p>\n<p>\u00c2dem konusu, tarih boyunca \u00e7e\u015fitli spek\u00fclasyonlara yol a\u00e7m\u0131\u015ft\u0131r. Tevrat\u2019ta verilen bilgilere g\u00f6re, \u00c2dem\u2019in ilk o\u011fullar\u0131, Habil ve Kabil (Kaini) idi. Kabil \u00f6z karde\u015fi Habil&#8217;i \u00f6ld\u00fcrd\u00fc\u011f\u00fc i\u00e7in lanetlenmi\u015fti ve Tanr\u0131 taraf\u0131ndan y\u00fcz\u00fcne bir i\u015faret konularak kovulmu\u015ftu. Cennet Bah\u00e7esi Aden&#8217;in do\u011fusunda uzak bir yerde kendine Nod ad\u0131nda bir \u015fehir kurmu\u015ftu ve evlenerek \u00e7ocuk sahibi olmu\u015ftu. Onun soyundan Filistin&#8217;de Kenanl\u0131lar ortaya \u00e7\u0131km\u0131\u015ft\u0131.<\/p>\n<p>Tevrat&#8217;ta bu \u00e7eli\u015fkili metin (Tekvin, Bap 4) &#8220;\u00c2dem \u00f6ncesi&#8221; \u0131rklar\u0131n (Pre-Adamities) varl\u0131\u011f\u0131 konusunda bir\u00e7ok varsay\u0131mlara yol a\u00e7m\u0131\u015ft\u0131. \u00c2dem ve Havva&#8217;n\u0131n o\u011flu, Kabil&#8217;in kendisine kar\u0131 bulmas\u0131, hatta \u015fehir kurmas\u0131 aksi takdirde nas\u0131l a\u00e7\u0131klan\u0131r?<\/p>\n<p>Ezoterik anlamda din kitaplar\u0131nda an\u0131lan \u00c2dem, ilk insan de\u011fildi, fakat Atlantis&#8217;te ortaya \u00e7\u0131kan yeni bir \u0131rk\u0131n prototipi idi, ondan \u00f6nce ba\u015fka &#8220;\u00c2dem\u2019ler de vard\u0131. \u00c2dem, o halde, belirli bir insan proto-genotip&#8217;e verilen bir unvand\u0131. Do\u011fal olarak, ortaya \u00e7\u0131kt\u0131\u011f\u0131nda di\u011fer aborijin\/yerli insan t\u00fcrlerine g\u00f6re daha geli\u015fmi\u015f oldu\u011funu varsaymak gerekir. Bu sebepten dolay\u0131, Kutsal Kitaplar onun ortaya \u00e7\u0131k\u0131\u015f\u0131 ile insan prototipin ilk yarat\u0131ld\u0131\u011f\u0131n\u0131 belirtmi\u015flerdir.<\/p>\n<p>Donelly&#8217;e g\u00f6re cennet bah\u00e7esi, Aden, Atlantis&#8217;ti. &#8220;Aden&#8221; s\u00f6zc\u00fc\u011f\u00fc &#8220;Atlan&#8221; kelimesinde t\u00fcremi\u015fti ve \u00c2dem s\u00f6zc\u00fc\u011f\u00fc &#8220;Atlantis \u0131rk\u0131&#8221; Ad&#8217;lardan t\u00fcremi\u015fti. Tevrat&#8217;ta Kenan \u00fclkesinin (Filistin) Aden&#8217;in do\u011fusunda olmas\u0131n\u0131n belirtilmesi (Tekvin Bap 4\/16) olduk\u00e7a anlaml\u0131d\u0131r. Bu g\u00f6steriyor ki, Aden, cennette de\u011fil de, yery\u00fcz\u00fcnde bir b\u00f6lgedir ve insanlar\u0131n ana yurdu olan ve tufan \u00f6ncesi bir yer olan Aden, bat\u0131da yer almaktayd\u0131. O halde, Atlantis \u00f6yk\u00fcs\u00fc \u00fc\u00e7 \u201csemavi\u201d dinde yer alan \u00f6yk\u00fclere a\u00e7\u0131kl\u0131k getirmektedir ve onlara tamamen uyumludur.<\/p>\n<p>\u0130branilere g\u00f6re, ilk insan\u0131n k\u0131z\u0131l topraktan meydana gelmi\u015f olmas\u0131 ve Platon&#8217;un Atlantis&#8217;le Amerika aras\u0131ndaki ili\u015fkinin \u00fczerinde \u00f6nemle durmas\u0131, tufan \u00f6ncesi kay\u0131p \u00fclke ve Amerikalar aras\u0131ndaki yak\u0131n ba\u011f\u0131 i\u015faret etmektedir. Atlantoloji&#8217;nin en kuvvetli kan\u0131tlar\u0131 Amerika&#8217;dan geliyor. Orta Amerika&#8217;n\u0131n muhte\u015fem uygarl\u0131klar\u0131 beyaz adam\u0131n geli\u015fi ile dizili iskambil k\u00e2\u011f\u0131tlar\u0131 gibi y\u0131k\u0131l\u0131 verildi.<\/p>\n<p>\u0130spanyol konkiskadoru Cortez Meksika&#8217;ya istila etti\u011fi zaman, yerliler onu \u00e7ok iyi kar\u015f\u0131lad\u0131lar, \u00c7\u00fcnk\u00fc efsanelerinde \u00e7ok eski devirlerde beyaz &#8220;tanr\u0131lar&#8221; gemilerle do\u011fudan gelmi\u015flerdi ve onlara uygarl\u0131k \u00f6\u011fretmi\u015flerdi. Sonra, tekrar d\u00f6neceklerine s\u00f6z vererek do\u011fuda yurtlar\u0131na d\u00f6nm\u00fc\u015flerdi. K\u0131z\u0131lderililer k\u00f6se olduklar\u0131 halde &#8220;tanr\u0131lar&#8221; ayn\u0131 Cortes&#8217;in y\u00fczba\u015f\u0131s\u0131 Pedro de Alvarado gibi sakal\u0131, sar\u0131 sa\u00e7l\u0131, beyaz tenli ve mavi g\u00f6zl\u00fcyd\u00fc. K\u0131z\u0131lderililer onu tanr\u0131lar\u0131 Quetzalkoatl sanarak \u00f6n\u00fcnde secde ettiler.<\/p>\n<p>Peru&#8217;ya istila eden Pizarro&#8217;da ayn\u0131 sebepten dolay\u0131, bir avu\u00e7 adamla 10 milyon n\u00fcfuslu \u0130nca\u2019 lara kar\u015f\u0131 kolay bir zafer kazanm\u0131\u015ft\u0131, onlar\u0131n tanr\u0131lar\u0131 Virako\u015fa&#8217;n\u0131n ad\u0131 &#8220;beyaz adam&#8221; anlam\u0131na geliyordu. Er ge\u00e7 K\u0131z\u0131lderililer do\u011fudan gelen bu istilac\u0131lar\u0131n uygar, insanc\u0131l ve \u00f6\u011fretici &#8220;beyaz tanr\u0131lar&#8221;la hi\u00e7 bir ilgileri olmad\u0131\u011f\u0131n\u0131 \u00f6\u011frendiler.<\/p>\n<p>Onlar\u0131n vermeye de\u011fil, \u00e7almaya geldiklerini g\u00f6rd\u00fcler. K\u0131sa bir s\u00fcrede, din maskesi ile beyaz adam, k\u0131z\u0131l adam\u0131n alt\u0131nlar\u0131n\u0131, g\u00fcm\u00fc\u015flerini ve k\u0131ymetli ta\u015flar\u0131n\u0131 soyacak; sanat eserlerini, heykellerini, edebiyatlar\u0131n\u0131 yok edece\u011fini; k\u00fclt\u00fcrlerini silmek i\u00e7in elinden geleni yapacaklar\u0131n\u0131 g\u00f6receklerdi. K\u0131z\u0131lderililere ruhsuz bir bo\u015fluk \u00e7\u00f6km\u00fc\u015ft\u00fc, tarih boyunca gurur duydu\u011fu ananeler k\u00fcstah\u00e7a ayakalt\u0131nda ezilmi\u015fti. Yeni gelen bu ac\u0131mas\u0131z insanlar, onun kutsal topraklar\u0131na yerle\u015fiyorlard\u0131; onun kucak a\u00e7t\u0131\u011f\u0131 do\u011fay\u0131 tahrip ediyorlard\u0131. Eski, \u00e7ok eski uygarl\u0131klar\u0131 s\u00f6n\u00fcyordu.<\/p>\n<p>\u0130spanyol Krall\u0131 II. Philip&#8217;e, Peru&#8217;daki \u0130nkalar ile ilgili rapor veren Manico Serra de Leguicamo, onlar\u0131n beyaz adam gelene kadar su\u00e7 ve ahlaks\u0131zl\u0131k bilmediklerini, fakat sonradan beyaz adam\u0131 \u00f6rnek alarak, h\u0131zla de\u011fi\u015ftiklerini yakarm\u0131\u015ft\u0131, &#8220;orada k\u00f6t\u00fcl\u00fck yoktu, \u015fimdi neredeyse iyilik kalmad\u0131&#8221;.<\/p>\n<p>Atlantis&#8217;nin en kuvvetli kan\u0131tlar\u0131ndan biri Meksikal\u0131 Azteklerin kendilerine Azt&#8217;ler olarak tan\u0131mlamalar\u0131 ve bat\u0131da &#8220;Aztlan&#8221; ad\u0131nda &#8220;suyla \u00e7evrili ve b\u00fcy\u00fck bir da\u011f\u0131n bulundu\u011fu bir \u00fclke&#8221; den geldiklerini belirtmelerinden kaynaklan\u0131yor. Atantis tezine kar\u015f\u0131 olanlar, Azteklerin 12. as\u0131rda geldiklerini i\u015faret ediyorlar. Ancak onlar, ne Azteklerin bir deniz k\u00fclt\u00fcr\u00fcnden geldiklerini, ne de &#8220;Aztlan&#8221;\u0131n nerede oldu\u011fu konusunu a\u00e7\u0131klama getiremiyorlar.<\/p>\n<p>Kristof Kolombo&#8217;nun Amerika&#8217;ya ilk indi\u011fi yere yak\u0131n, Atlan ad\u0131nda bir yerle\u015fim b\u00f6lgesi varm\u0131\u015f. Ayr\u0131ca Peru&#8217;da Atlan isminde bir liman vard\u0131. \u0130spanyollar Meksika&#8217;ya girdikleri vakit Atlan isminde beyaz yerlilerin bulundu\u011fu bir yerle\u015fim b\u00f6lgesi buldular. K\u0131z\u0131lderili dillerde &#8220;atl&#8221; su anlam\u0131na gelir ve &#8220;atlan&#8221; le biten pek \u00e7ok yer ismi vard\u0131r.<\/p>\n<p>Kuran&#8217;da s\u00f6z edilen Ad kavmine gelince, M. As\u0131m K\u00f6ksal&#8217;\u0131n Peygamberler Tarihi \u015f\u00f6yle yazar,&#8221; Ad kavminin yurtlar\u0131; Hudramevt&#8217;e ve Yemen&#8217;e kadar uzanan yerler olup Allah&#8217;\u0131n yerlerinden, en geni\u015fi, en otlu, sulu, bol nimetli olan\u0131 idi. Ba\u015fkalar\u0131na verilmeyen boy bos, g\u00fc\u00e7 kuvvet de, onlara, verilmi\u015fti &#8230; Onlar, inat\u00e7\u0131 bir zorban\u0131n emrini tutup ard\u0131ndan gittiler de: `Kuvvet\u00e7e, bizden daha g\u00fc\u00e7l\u00fc kim varm\u0131\u015f?&#8221; diyerek yery\u00fcz\u00fcnde b\u00fcy\u00fckl\u00fck taslama\u011fa, memleketlerinde azg\u0131nl\u0131k ve fesatlar\u0131n\u0131 art\u0131rma\u011fa, halka z\u00fcl\u00fcm etme\u011fe ba\u015flad\u0131lar&#8221;.<\/p>\n<p>Bundan sonra Hud Peygamber\u2019in ikazlar\u0131na dinlemeyerek Tanr\u0131n\u0131n gazab\u0131na u\u011frad\u0131lar. Bir kara bulutun ard\u0131ndan gelen kas\u0131rgada yok oldular. Halen kadim megalit (b\u00fcy\u00fck ta\u015f) harabelere Araplar &#8220;i\u015fte Ad kavimden arta kalanlar&#8221; diye g\u00f6sterirler. Soy k\u00fct\u00fckleri Tekvin&#8217;de Nuh o\u011flu Ham&#8217;\u0131n soyundan Ad olarak g\u00f6sterilen bu kavime gelen felaket Atlantis tufan\u0131ndan sonra olmas\u0131 gerekir.<\/p>\n<p>Ancak onlar, tufandan kurtulanlar aras\u0131nda olup, Nuh soyundan ayr\u0131 bir kavim olabileceklerini de hesaba katmam\u0131z gerekir. Bu durumda onlar\u0131n iri lanetlenmi\u015f Titan-Nefilim soyundan olup, Atlantisli atalar\u0131n\u0131n &#8220;Ad&#8221; ismini kullanmalar\u0131 do\u011fald\u0131r. T\u00fcrk\u00e7e&#8217;de &#8220;ata&#8221; s\u00f6zc\u00fc\u011f\u00fcn Atlantis&#8217;le ilgili ilkel bir an\u0131 i\u00e7erebilir. Linguist ve Anlantolog Charles Berlitz a\u015fa\u011f\u0131daki cetvel haz\u0131rlam\u0131\u015ft\u0131r:<\/p>\n<p>Bask &#8211; ait<\/p>\n<p>Quechua &#8211; taita<\/p>\n<p>T\u00fcrk\u00e7e ve T\u00fcrk dilleri &#8211; ata<\/p>\n<p>Dakota (siyu) &#8211; atey<\/p>\n<p>Nahuatl &#8211; tata<\/p>\n<p>Semiole &#8211; initati<\/p>\n<p>Zuni &#8211; ta\u00e7\u00e7u (tat\u00e7u)<\/p>\n<p>Malta &#8211; ta<\/p>\n<p>Tagalog &#8211; tatay<\/p>\n<p>Welsh &#8211; tad<\/p>\n<p>Roumani &#8211; thatha<\/p>\n<p>Fiji &#8211; tata<\/p>\n<p>Samoa &#8211; tata<\/p>\n<p>Ayr\u0131ca, Latince&#8217;de Pater s\u00f6zc\u00fc\u011f\u00fc unutmamak gerekir. Grek mitolojisinde &#8220;titan&#8221; ayn\u0131 k\u00f6kten geldikleri kan\u0131s\u0131nday\u0131z. \u0130lerdeki sayfalarda g\u00f6rece\u011fimiz gibi b\u00fcy\u00fck olas\u0131l\u0131kla titanlar Atlantis&#8217;in yerlileriydi. Tamamen varsay\u0131mlara dayanarak, T\u00fcrk\u00e7e&#8217;de &#8220;ata&#8221; s\u00f6zc\u00fc\u011f\u00fc Atlantis&#8217;li Ad&#8217;lara dayanan bir soy k\u00fct\u00fc\u011f\u00fcn g\u00f6stergesi olabilir mi? Ada s\u00f6zc\u00fc\u011f\u00fc Atlan&#8217;dan t\u00fcremi\u015f olabilir mi?<\/p>\n<p>Bu konuda bir varsay\u0131m ileri atmaktan ileri gidemeyiz. Ayn\u0131 \u015feyi Poseidon&#8217;a kutsal olan ve baz\u0131lar\u0131na g\u00f6re soylar\u0131 Atlantis&#8217;te geli\u015fen at i\u00e7in denilebilir mi? At\u0131n ilkel t\u00fcrleri Amerikalarda bulundu\u011fu halde, onlar oradan binlerce sene \u00f6nce yok oldular. \u0130spanyollar Amerika&#8217;ya ilk atlar\u0131 getirdikleri zaman yerliler ilk ba\u015fta, \u0130spanyollar\u0131 yar\u0131 at yar\u0131 insan bir yarat\u0131k sand\u0131lar.<\/p>\n<p>Tekvin&#8217;e g\u00f6re, \u00c2dem\u2019in yarat\u0131l\u0131\u015f\u0131ndan tufana kadar 10 nesil ge\u00e7mi\u015fti. Her neslin ba\u015f\u0131nda bir \u00f6nder (patriarch) vard\u0131. Bunlar\u0131n birincisi \u00c2dem ve onuncusu Nuh&#8217;tu. Onlar\u0131n ya\u015flar\u0131 g\u00fcm\u00fcm\u00fczdeki insanlara g\u00f6re olduk\u00e7a fazlaym\u0131\u015f. Bu konuda Metu\u015felah 966 senelik \u00f6mr\u00fc ile rekoru tutuyor. Baz\u0131 ara\u015ft\u0131rmac\u0131lar bu y\u0131llar\u0131n asl\u0131nda ay hesab\u0131 oldu\u011fu kan\u0131s\u0131ndalar. Platon&#8217;un kaydetti\u011fi Atlantis&#8217;in bat\u0131\u015f tarihini bu kameri hesapla d\u00fc\u015f\u00fcrmeye \u00e7al\u0131\u015fanlar da olmu\u015ftur. Ancak, Tekvin&#8217;in yazar\u0131 veya yazarlar\u0131 onlar\u0131 y\u0131l olarak g\u00f6sterir. Tekvin&#8217;e g\u00f6re tufandan sonra insan\u0131n ya\u015fama s\u00fcresi y\u0131l itibari ile gittik\u00e7e azald\u0131.<\/p>\n<p>Platon&#8217;un Atlantis\u2019inde 10 kral olmas\u0131 ve Berosus&#8217;un tarihinde tufan \u00f6ncesi 10 kral olmas\u0131, ge\u00e7en y\u00fczy\u0131llarda Bat\u0131 dini \u00e7evrelerde g\u00f6zden ka\u00e7mad\u0131 ve Platon&#8217;un \u00f6yk\u00fcs\u00fc Tevrat\u2019la kar\u015f\u0131la\u015ft\u0131r\u0131ld\u0131. Bir\u00e7ok benzerlikler \u00e7e\u015fitli din adamlar\u0131 taraf\u0131ndan Platon&#8217;un \u00f6yk\u00fcs\u00fcn kutsal kitaplar\u0131 do\u011frulad\u0131\u011f\u0131 g\u00f6r\u00fc\u015f\u00fcne sevk etti.<\/p>\n<p>Tekvin&#8217;de di\u011fer bir b\u00f6l\u00fcm olduk\u00e7a anlaml\u0131d\u0131r &#8220;Ve vaki ki topra\u011f\u0131n \u00fczerinde adamlar \u00e7o\u011falma\u011fa ba\u015flad\u0131 ve onlar\u0131n k\u0131zlar\u0131 do\u011fdu\u011fu zaman, Tanr\u0131 o\u011fullar\u0131 adam k\u0131zlar\u0131n\u0131n g\u00fczel olduklar\u0131n\u0131 g\u00f6rd\u00fcler ve b\u00fct\u00fcn se\u00e7tiklerinden kendilerine kar\u0131lar ald\u0131lar. Ve Rab dedi, Ruhun adam ile ebediyen \u00e7eki\u015fmeyecektir, \u00e7\u00fcnk\u00fc o da ettir, bunun i\u00e7in onun g\u00fcnleri y\u00fcz yirmi y\u0131l olacakt\u0131r. Tanr\u0131 o\u011fullar\u0131 insan k\u0131zlar\u0131na vard\u0131klar\u0131 ve bu k\u0131zlar onlara \u00e7ocuk do\u011furduklar\u0131 zaman, o g\u00fcnlerde hem de ondan sonra, yery\u00fcz\u00fcnde Nefilim (devler) vard\u0131, bunlar eski zorbalar, \u015f\u00f6hretli adamlard\u0131&#8221; (Tekvin Bap 6).<\/p>\n<p>Bu yaz\u0131m\u0131zda biraz olta ataca\u011f\u0131z belki de zaman zaman sizce fazla u\u00e7uk ve fantastik gelebilecek olas\u0131l\u0131klarla fl\u00f6rt edebiliriz, ancak as\u0131l amac\u0131m\u0131z bir \u015fekilde ger\u00e7ekleri ortaya \u00e7\u0131karmakt\u0131r. Kitabi Mukaddes&#8217;te (Eski Ahit ve Yeni Ahit\/\u0130ncil) Enok kitab\u0131ndan yer yer s\u00f6z edilir. As\u0131rlard\u0131r saklanan ve kutsal metinler k\u00fclliyat\u0131ndan \u00e7\u0131kar\u0131lan bu kitab\u0131n iki farkl\u0131 n\u00fcshas\u0131 vard\u0131r, biri yak\u0131n zamanlarda bir Rus manast\u0131r\u0131nda bulunarak Slavonik dilde muhafaza edilmi\u015ftir. Ad\u0131 &#8220;Enok&#8217;un (Haz. \u0130dris) S\u0131rlar Kitab\u0131&#8221;d\u0131r.<\/p>\n<p>Bu kitapta Enok&#8217;un Tanr\u0131 taraf\u0131ndan g\u00f6\u011fe kald\u0131r\u0131ld\u0131ktan sonra cennet ve cehennem katlar\u0131nda g\u00f6rd\u00fcklerini ve sonradan 360 kitap yazd\u0131\u011f\u0131n\u0131 anlatmaktad\u0131r. \u0130kinci ve \u00e7ok daha uzun kitap ise &#8220;Enok\u2019un kitab\u0131&#8221;d\u0131r. Burada Nefilimlerin devler olduklar\u0131n\u0131 ve tufandan \u00f6nceki \u00e7\u00f6k\u00fc\u015f devrinde onlar\u0131n insano\u011flunun yiyeceklerini t\u00fckettiklerini ve bunlar da yetmedi\u011finde insanlar\u0131 yediklerini yaz\u0131yor.<\/p>\n<p>Bu kitapta, bu \u00e7e\u015fit at\u0131flar, dini \u00e7evreleri rahats\u0131z etmi\u015fti (San Augustine &#8220;Tanr\u0131n\u0131n \u015eehri&#8221;) ve kitab\u0131n 1772 y\u0131l\u0131nda James Bruce taraf\u0131ndan bir Habe\u015f manast\u0131r\u0131nda bulunana dek, eski ahit k\u00fclliyat\u0131ndan \u00e7\u0131kar\u0131lmas\u0131na, y\u00fczy\u0131llard\u0131r ortadan kay\u0131p olmas\u0131na sebep vermi\u015fti. Bu kitaba g\u00f6re Samuel taraf\u0131ndan idare edilen melekler Hermon da\u011f\u0131na inerek insanlara b\u00fcy\u00fc, sava\u015f, kozmetik gibi yasak sanatlar\u0131 \u00f6\u011fretiler.<\/p>\n<p>Daha sonra Ba\u015f melek Mikhael&#8217;in \u00f6nderli\u011finde d\u00f6rt ba\u015f melek Rafael (\u0130srafil) Mikail, Cebrail ve Uriel onlar\u0131 ba\u011flad\u0131lar yeralt\u0131na inen bir \u00e7ukura at\u0131lar. Bundan b\u00f6yle bu d\u00f6rt ba\u015f mele\u011fe &#8220;Denet\u00e7iler&#8221; denildi ve onlar d\u00f6rt istikameti, Do\u011fu, G\u00fcney, Bat\u0131 ve Kuzeyi uykusuz g\u00f6zleriyle g\u00f6zetlediler. Harut ve Marut gibi d\u00fc\u015fm\u00fc\u015f melekler efsanesi b\u00f6yle geli\u015fti ve daha sonra Legemeton gibi Haz. S\u00fcleyman&#8217;a addedilen b\u00fcy\u00fc kitaplara malzeme oldular. Bu da ayr\u0131 bir hik\u00e2ye.<\/p>\n<p>Belki de Blavasky&#8217;nin dedi\u011fi gibi kutsal metinlerin ezoterik \u015fifrelerini \u00e7\u00f6zmede 7 anahtar kullanmam\u0131z gerekir. Tekvin&#8217;de s\u00f6z edilen varl\u0131klar melek de\u011fil de fiziksel olmal\u0131 ki \u00c2demo\u011fullar\u0131n\u0131n k\u0131zlar\u0131 ile ili\u015fki kursunlar ve \u00e7ocuklar\u0131 olsun.<\/p>\n<p>\u00c2demo\u011fullar\u0131 ile birle\u015ferek bir melez \u0131rk\u0131 do\u011furan Tanr\u0131 o\u011fullar\u0131 kimdi? Gerek Tevrat&#8217;ta gerek \u00d6l\u00fc Deniz&#8217;de bulunan Esen kay\u0131tlar\u0131 anlat\u0131yor ki, insano\u011fullar\u0131 kadim bir devirde bir genetik a\u015f\u0131lanma g\u00f6rd\u00fcler. Bu o kadar a\u00e7\u0131k\u00e7a ifade edilmi\u015ftir ki baz\u0131 arkeolojik ufologlar uzaydan astronotlar\u0131n (tanr\u0131lar\u0131n) gelip insan evrimini geli\u015ftirmek i\u00e7in b\u00f6yle bir i\u015flemde bulunduklar\u0131 olas\u0131l\u0131\u011f\u0131 ciddi ciddi ele alm\u0131\u015flard\u0131r.<\/p>\n<p>Her ne kadar bu yazarlar, kendi tezlerini do\u011frulamak i\u00e7in bir tak\u0131m as\u0131ls\u0131z benzetmeler ortaya atm\u0131\u015fsa, Tanr\u0131 o\u011fullar\u0131n\u0131n kim olduklar\u0131 konusunda, kimse tatmink\u00e2r bir \u00e7\u00f6z\u00fcm getirememi\u015ftir ve binlerce sene \u00f6nce, uzaydan gelen ve insandan daha geli\u015fmi\u015f, ancak yine de humanoid (insan t\u00fcr\u00fcn\u00fcnden) olan varl\u0131klar\u0131n, insan evrimini h\u0131zland\u0131rmak i\u00e7in bir genetik a\u015f\u0131lama yapmalar\u0131 modern mitoslardan da biridir.<\/p>\n<p>B\u00f6yle bir tez do\u011fruysa, o zaman onlar\u0131n insanlarla ortak bir kaynak payla\u015fmalar\u0131 gerekir, aksi takdirde onlar\u0131n ne humanoid olmalar\u0131, ne de \u00c2demo\u011fullar\u0131n\u0131n k\u0131zlar\u0131ndan \u00e7ocuk yapmalar\u0131 olas\u0131l\u0131\u011f\u0131 vard\u0131r. Bu da spek\u00fclasyonlar i\u00e7in yeni sahalar a\u00e7maktad\u0131r, ancak b\u00fct\u00fcn bunlar, tabii ki, birer varsay\u0131md\u0131r.<\/p>\n<p>Kay\u0131tlar insan\u0131 kolayca b\u00f6yle bir d\u00fc\u015f\u00fcnceye sevk ediyor. Tanr\u0131 o\u011fullar\u0131n (Beni Elohim) yarat\u0131\u011f\u0131 bu melez \u0131rk, Grek mitolojisinde Titanlar&#8217;a benzer. Platon&#8217;un belirti\u011fi gibi bir &#8220;Tanr\u0131&#8221; olan Poseidon yerli bir kad\u0131nla birle\u015ferek Atlas ve di\u011fer Titan karde\u015flerini do\u011furdu.<\/p>\n<p>Platon&#8217;a g\u00f6re, Atlantis&#8217;i y\u00f6neten s\u0131n\u0131fta tanr\u0131 soyu vard\u0131, ancak zamanla tanr\u0131 soyu insan soyuna nispeten azalm\u0131\u015ft\u0131r ve Atlantis&#8217;de bir \u00e7\u00f6k\u00fc\u015f, bir dejenerasyon ba\u015flam\u0131\u015ft\u0131. Onlar &#8220;y\u00fcce ideallerinden sapmaya&#8221; ba\u015flad\u0131k\u00e7a, sonlar\u0131 haz\u0131rlanmaya ba\u015flanm\u0131\u015ft\u0131. Burada kullan\u0131lan &#8220;tanr\u0131&#8221; s\u00f6zc\u00fc\u011f\u00fc ele al\u0131rken, unutmamak gerekir ki, farkl\u0131 k\u00fclt\u00fcrl\u00fc bir toplumdan \u00e7evrilmi\u015f bir terimdir. Platon tek bir Tanr\u0131&#8217;y\u0131 \u00f6\u011fretirdi, k\u00fc\u00e7\u00fck harf ba\u015fl\u0131kl\u0131 &#8220;tanr\u0131&#8221; s\u00f6zc\u00fc\u011f\u00fc ise b\u00fcy\u00fck harf ba\u015fl\u0131kl\u0131 &#8220;Tanr\u0131&#8221; ile ayn\u0131 \u015fey ifade etmez.<\/p>\n<p>Irk kavramlar\u0131, \u0130kinci D\u00fcnya Harbinden sonra tabu bir konu haline gelmi\u015ftir. Ancak, materyalist bir temele dayanan ve \u00dc\u00e7\u00fcnc\u00fc Reich mitosunu olu\u015fturan &#8220;Herenvolk&#8221;, &#8220;\u0131rk safl\u0131\u011f\u0131&#8221; gibi g\u00f6r\u00fc\u015fler yerine, bu kadim g\u00f6r\u00fc\u015flerde melezli\u011fin i\u015flendi\u011fini g\u00f6r\u00fcyoruz. Ancak, Nuh soyu i\u00e7in, \u0131rk safl\u0131\u011f\u0131n\u0131 korumak gibi adetlerin varl\u0131\u011f\u0131 metinlerde g\u00f6z\u00fckmektedir. Bu, hem Yafeti bir k\u00f6kenden gelen Ariler i\u00e7in, hem de Sami bir k\u00f6kenden gelen \u0130braniler i\u00e7in ge\u00e7erli olmu\u015ftur.<\/p>\n<p>Musevilerin \u0131rklar\u0131 d\u0131\u015f\u0131nda evlilik yapmalar\u0131 tabu oldu\u011fu gibi, Ariler de benzeri uygulamalar\u0131 Hindistan&#8217;da y\u00fcr\u00fcterek kast sistemini olu\u015fmu\u015flard\u0131r. En \u00fcstte Ari soyundan Brahminler vard\u0131. Onlar\u0131n di\u011fer kastlerle evlenmeleri bir tabuydu. Hatta en alt tabakay\u0131 olu\u015fturan Sudralar dokunulmazd\u0131. Bu adet de, Nuh soyundan olmayan kavimlerinin varl\u0131\u011f\u0131n\u0131 ima etmektedir.<\/p>\n<p>Ezoterik a\u00e7\u0131dan, bedeni esas alan &#8220;\u0131rkc\u0131l\u0131k&#8221; tezleri ge\u00e7ersizdir. \u00c7\u00fcnk\u00fc beden ruhun bir arac\u0131d\u0131r. Reenkarnasyon yolu ile ruh farkl\u0131 \u0131rklara, k\u00fclt\u00fcrlere enkarne olmaktad\u0131r ve b\u00f6ylece deneyimleri zenginle\u015fmektedir. Ancak, makro d\u00fczeyde, kitlesel a\u00e7\u0131dan ruhsal evrime paralel olarak geli\u015fen ruha daha uyumlu bir ara\u00e7 sa\u011flamak \u00fczere insan bedeninin de bir evrimden ge\u00e7irmesi s\u00f6z konusudur. Bu sebeple Nazilerin zorla, kan d\u00f6kerek empoze etmek istedikleri \u0131rksal evrim, asl\u0131nda do\u011fal ve birazda planl\u0131 ve bilin\u00e7li (eugenics) y\u00f6ntemlerle, \u0131rk ayr\u0131m\u0131na yer vermeden ileri ki y\u0131larda ger\u00e7ekle\u015fecektir.<\/p>\n<p>O halde, baz\u0131 kadim \u00f6\u011fretilere g\u00f6re, soyumuzda her t\u00fcrl\u00fc kar\u0131\u015f\u0131mdan ge\u00e7en biz insanlar, asl\u0131nda melez bir \u0131rk\u0131z ve hemen hemen her birimiz, her \u0131rktan olan\u0131m\u0131z, tarih \u00f6ncesi unutulmu\u015f g\u00f6\u00e7ler sayesinde, bu s\u00f6zde &#8220;tanr\u0131lar\u0131n&#8221; kan\u0131n\u0131 az veya \u00e7ok ta\u015f\u0131maktay\u0131z. Ancak, Nuh peygamberi ile ilgili kay\u0131tlar bu t\u00fcr bir a\u015f\u0131lamay\u0131 desteklemekle birlikte, ayn\u0131 zamanlarda farkl\u0131 t\u00fcrden bir mutasyonu da kutsal kitaplarda ele al\u0131nd\u0131\u011f\u0131n\u0131 g\u00f6r\u00fcyoruz.<\/p>\n<p>&#8220;O g\u00fcnlerde Nuh g\u00f6rd\u00fc ki, d\u00fcnyan\u0131n ekseni e\u011fildi ve felaket yakla\u015f\u0131yordu. O zaman ayaklar\u0131n\u0131 kald\u0131rarak d\u00fcnyan\u0131n ucunda b\u00fcy\u00fck babas\u0131n\u0131n babas\u0131, Enok&#8217;un (\u0130dris) bulundu\u011fu yere g\u00f6t\u00fcrd\u00fc. Ve Nuh ac\u0131l\u0131 bir sesle \u00fc\u00e7 kez hayk\u0131rd\u0131: Dinle, dinle, dinle, s\u00f6yle d\u00fcnyada neler oluyor? Yery\u00fcz\u00fc zorlan\u0131yor ve \u015fiddetli bir \u015fekilde sars\u0131l\u0131yor.&#8221;<\/p>\n<p>Enok&#8217;un Kitab\u0131 (64\/ 1-3)<\/p>\n<p><strong>Kaynak:<\/strong> Kemal Menemencio\u011flu &#8211; Hermetics<\/p>\n","protected":false},"excerpt":{"rendered":"<p>&nbsp; &#8220;Ben Haz. \u0130dris&#8217;e dedim ki, etraf\u0131mda dolanan bir ruh g\u00f6rd\u00fcm. Bana atalar\u0131mdan oldu\u011funu belirterek ismini s\u00f6yledi. Onun \u00f6l\u00fcm tarihini sordum, bana k\u0131rk bin sene \u00f6nce oldu\u011funu s\u00f6yledi. Bizim inan\u00e7larda \u00c2dem\u2019in ne zamanlar ya\u015fad\u0131\u011f\u0131n\u0131 sordum. O da, `Hangi \u00c2dem\u2019i soruyorsun, Yak\u0131n olan \u00c2dem mi?&#8217; diye sordu. Haz. \u0130dris Buyurdu ki, `Do\u011frudur &#8230;&#8217; &#8221; \u0130bn&#8217;\u00fcl Arabi, &hellip;<\/p>\n","protected":false},"author":1,"featured_media":2985,"comment_status":"closed","ping_status":"closed","sticky":false,"template":"","format":"standard","meta":{"footnotes":""},"categories":[20],"tags":[],"class_list":["post-2984","post","type-post","status-publish","format-standard","has-post-thumbnail","hentry","category-bilinmeyen-dunya-tarihi"],"_links":{"self":[{"href":"https:\/\/kosmosmacerasi.com\/v1\/wp-json\/wp\/v2\/posts\/2984","targetHints":{"allow":["GET"]}}],"collection":[{"href":"https:\/\/kosmosmacerasi.com\/v1\/wp-json\/wp\/v2\/posts"}],"about":[{"href":"https:\/\/kosmosmacerasi.com\/v1\/wp-json\/wp\/v2\/types\/post"}],"author":[{"embeddable":true,"href":"https:\/\/kosmosmacerasi.com\/v1\/wp-json\/wp\/v2\/users\/1"}],"replies":[{"embeddable":true,"href":"https:\/\/kosmosmacerasi.com\/v1\/wp-json\/wp\/v2\/comments?post=2984"}],"version-history":[{"count":1,"href":"https:\/\/kosmosmacerasi.com\/v1\/wp-json\/wp\/v2\/posts\/2984\/revisions"}],"predecessor-version":[{"id":2986,"href":"https:\/\/kosmosmacerasi.com\/v1\/wp-json\/wp\/v2\/posts\/2984\/revisions\/2986"}],"wp:featuredmedia":[{"embeddable":true,"href":"https:\/\/kosmosmacerasi.com\/v1\/wp-json\/wp\/v2\/media\/2985"}],"wp:attachment":[{"href":"https:\/\/kosmosmacerasi.com\/v1\/wp-json\/wp\/v2\/media?parent=2984"}],"wp:term":[{"taxonomy":"category","embeddable":true,"href":"https:\/\/kosmosmacerasi.com\/v1\/wp-json\/wp\/v2\/categories?post=2984"},{"taxonomy":"post_tag","embeddable":true,"href":"https:\/\/kosmosmacerasi.com\/v1\/wp-json\/wp\/v2\/tags?post=2984"}],"curies":[{"name":"wp","href":"https:\/\/api.w.org\/{rel}","templated":true}]}}